{"id":116514,"date":"2022-03-03T23:00:13","date_gmt":"2022-03-03T21:00:13","guid":{"rendered":"https:\/\/wmmaa.org\/benil-dariush-hizo-una-declaracion-sobre-la-lucha-con-islam-makhachev\/"},"modified":"2022-03-03T23:00:13","modified_gmt":"2022-03-03T21:00:13","slug":"benil-dariush-hizo-una-declaracion-sobre-la-lucha-con-islam-makhachev","status":"publish","type":"post","link":"https:\/\/wmmaa.org\/es\/benil-dariush-hizo-una-declaracion-sobre-la-lucha-con-islam-makhachev\/","title":{"rendered":"Benil Dariush hizo una declaraci\u00f3n sobre la lucha con Islam Makhachev"},"content":{"rendered":"<div id=\"feat-img-reg\" class=\"relative\">\n<\/div>\n<div class=\"itemIntroText\">\n<p>El peso ligero de UFC Benil Dariush, quien se retir\u00f3 de un duelo con Islam Makhachev debido a una pierna rota, habl\u00f3 sobre c\u00f3mo va su recuperaci\u00f3n y cu\u00e1ndo planea pelear contra el ruso.<\/p>\n<\/div>\n<div class=\"yandex_rtb_wrapper\">\n<div id=\"yandex_rtb_R-A-108029-34\"><\/div>\n<\/div>\n<div class=\"itemFullText\">\n<blockquote>\n<p>\u00abAhora estoy haciendo fisioterapia; si todo va seg\u00fan lo planeado, los m\u00e9dicos dicen que en seis u ocho semanas podr\u00e9 entrenar\u00bb, dijo Dariush en una entrevista con ESPN.  \u201cAl principio eran como cuatro meses, as\u00ed que cuando llamaron al per\u00edodo de seis a ocho semanas, casi me echo a llorar de alegr\u00eda\u201d<\/p>\n<\/blockquote>\n<p>Hoy, el presidente de UFC, Dana White, anunci\u00f3 que la organizaci\u00f3n no se da por vencida con la idea de realizar una pelea entre Makhachev y Dariush, y el cuarto n\u00famero en la clasificaci\u00f3n de peso ligero afirma que estar\u00e1 listo para esta pelea en el verano.<\/p>\n<blockquote>\n<p>\u201cTambi\u00e9n tengo muchas ganas de ver esta pelea.  As\u00ed que me anim\u00f3 esta noticia.  Gracias a Dios, nuestra pelea ser\u00e1 programada nuevamente.  Todav\u00eda me siento inc\u00f3modo frente al Islam, y no estaba contento con esta situaci\u00f3n, pero el hecho de que la pelea se reprograme es ideal para m\u00ed.<\/p>\n<p>\u201cSi es posible, me gustar\u00eda tener un campo de entrenamiento completo durante diez semanas.  Pero si es m\u00e1s corto, no es gran cosa.  Me gustar\u00eda pelear en junio o julio, esas son las fechas correctas\u201d.<\/p>\n<\/blockquote>\n<p>Recordemos que se supon\u00eda que una pelea de contendientes potenciales entre Benil Dariush e Islam Makhachev encabezar\u00eda el torneo UFC Fight Night 202 en Las Vegas el 26 de febrero, sin embargo, una semana antes del evento, Dariush se rompi\u00f3 el peron\u00e9 y fue reemplazado por Bobby Green, quien perdi\u00f3. al ruso por nocaut t\u00e9cnico en el primer asalto.<\/p>\n<\/p><\/div>\n<p>    .<\/p>\n","protected":false},"excerpt":{"rendered":"<p>El peso ligero de UFC Benil Dariush, quien se retir\u00f3 de un duelo con Islam Makhachev debido a una pierna rota, habl\u00f3 sobre c\u00f3mo va su recuperaci\u00f3n y cu\u00e1ndo planea pelear contra el ruso. \u00abAhora estoy haciendo fisioterapia; si todo va seg\u00fan lo planeado, los m\u00e9dicos dicen que en seis u ocho semanas podr\u00e9 entrenar\u00bb, [&hellip;]<\/p>\n","protected":false},"author":1,"featured_media":116505,"comment_status":"","ping_status":"open","sticky":false,"template":"","format":"standard","meta":{"footnotes":""},"categories":[1],"tags":[1574,1361],"_links":{"self":[{"href":"https:\/\/wmmaa.org\/es\/wp-json\/wp\/v2\/posts\/116514"}],"collection":[{"href":"https:\/\/wmmaa.org\/es\/wp-json\/wp\/v2\/posts"}],"about":[{"href":"https:\/\/wmmaa.org\/es\/wp-json\/wp\/v2\/types\/post"}],"author":[{"embeddable":true,"href":"https:\/\/wmmaa.org\/es\/wp-json\/wp\/v2\/users\/1"}],"replies":[{"embeddable":true,"href":"https:\/\/wmmaa.org\/es\/wp-json\/wp\/v2\/comments?post=116514"}],"version-history":[{"count":0,"href":"https:\/\/wmmaa.org\/es\/wp-json\/wp\/v2\/posts\/116514\/revisions"}],"wp:featuredmedia":[{"embeddable":true,"href":"https:\/\/wmmaa.org\/es\/wp-json\/wp\/v2\/media\/116505"}],"wp:attachment":[{"href":"https:\/\/wmmaa.org\/es\/wp-json\/wp\/v2\/media?parent=116514"}],"wp:term":[{"taxonomy":"category","embeddable":true,"href":"https:\/\/wmmaa.org\/es\/wp-json\/wp\/v2\/categories?post=116514"},{"taxonomy":"post_tag","embeddable":true,"href":"https:\/\/wmmaa.org\/es\/wp-json\/wp\/v2\/tags?post=116514"}],"curies":[{"name":"wp","href":"https:\/\/api.w.org\/{rel}","templated":true}]}}