{"id":105910,"date":"2022-02-09T07:55:27","date_gmt":"2022-02-09T05:55:27","guid":{"rendered":"https:\/\/wmmaa.org\/cain-velasquez-podria-estar-retomando-su-carrera\/"},"modified":"2022-02-09T07:55:27","modified_gmt":"2022-02-09T05:55:27","slug":"cain-velasquez-podria-estar-retomando-su-carrera","status":"publish","type":"post","link":"https:\/\/wmmaa.org\/es\/cain-velasquez-podria-estar-retomando-su-carrera\/","title":{"rendered":"Ca\u00edn Vel\u00e1squez podr\u00eda estar retomando su carrera"},"content":{"rendered":"<div id=\"feat-img-reg\" class=\"relative\">\n<\/div>\n<div class=\"itemIntroText\">\n<p>Uno de los m\u00e1s grandes pesos pesados \u200b\u200bde todos los tiempos, Ca\u00edn Vel\u00e1squez, podr\u00eda estar reanudando su carrera como boxeador profesional despu\u00e9s de una pausa de tres a\u00f1os.<\/p>\n<\/div>\n<div class=\"itemFullText\">\n<p>As\u00ed lo dio a conocer en entrevista con MMAJunkie el entrenador del ex campe\u00f3n de UFC Javier M\u00e9ndez.<\/p>\n<blockquote>\n<p>\u201cSi quiere, tiene todo para hacerlo\u201d, dijo el entrenador en jefe de la Academia Estadounidense de Kickboxing.  \u00abEs posible.  Si alguien dice: &#8216;Oye, aqu\u00ed tienes dos millones, organicemos una pelea&#8217;, puede decir: &#8216;Dame cuatro millones y trato'\u00bb.<\/p>\n<p>\u201cNo digo que todo vaya a ser as\u00ed, pero qui\u00e9n sabe, el dinero decide en la mayor\u00eda de los casos.  Si el dinero es bueno y el UFC lo permite, tal vez lo haga\u201d.<\/p>\n<\/blockquote>\n<p>Cain Vel\u00e1squez, de 39 a\u00f1os, pele\u00f3 su \u00faltima pelea en febrero de 2019, ya en el segundo 26 del combate, perdiendo por nocaut ante Francis Ngannou.<\/p>\n<\/p><\/div>\n<p>    .<\/p>\n","protected":false},"excerpt":{"rendered":"<p>Uno de los m\u00e1s grandes pesos pesados \u200b\u200bde todos los tiempos, Ca\u00edn Vel\u00e1squez, podr\u00eda estar reanudando su carrera como boxeador profesional despu\u00e9s de una pausa de tres a\u00f1os. As\u00ed lo dio a conocer en entrevista con MMAJunkie el entrenador del ex campe\u00f3n de UFC Javier M\u00e9ndez. \u201cSi quiere, tiene todo para hacerlo\u201d, dijo el entrenador [&hellip;]<\/p>\n","protected":false},"author":1,"featured_media":105896,"comment_status":"","ping_status":"open","sticky":false,"template":"","format":"standard","meta":{"footnotes":""},"categories":[1],"tags":[1817],"_links":{"self":[{"href":"https:\/\/wmmaa.org\/es\/wp-json\/wp\/v2\/posts\/105910"}],"collection":[{"href":"https:\/\/wmmaa.org\/es\/wp-json\/wp\/v2\/posts"}],"about":[{"href":"https:\/\/wmmaa.org\/es\/wp-json\/wp\/v2\/types\/post"}],"author":[{"embeddable":true,"href":"https:\/\/wmmaa.org\/es\/wp-json\/wp\/v2\/users\/1"}],"replies":[{"embeddable":true,"href":"https:\/\/wmmaa.org\/es\/wp-json\/wp\/v2\/comments?post=105910"}],"version-history":[{"count":0,"href":"https:\/\/wmmaa.org\/es\/wp-json\/wp\/v2\/posts\/105910\/revisions"}],"wp:featuredmedia":[{"embeddable":true,"href":"https:\/\/wmmaa.org\/es\/wp-json\/wp\/v2\/media\/105896"}],"wp:attachment":[{"href":"https:\/\/wmmaa.org\/es\/wp-json\/wp\/v2\/media?parent=105910"}],"wp:term":[{"taxonomy":"category","embeddable":true,"href":"https:\/\/wmmaa.org\/es\/wp-json\/wp\/v2\/categories?post=105910"},{"taxonomy":"post_tag","embeddable":true,"href":"https:\/\/wmmaa.org\/es\/wp-json\/wp\/v2\/tags?post=105910"}],"curies":[{"name":"wp","href":"https:\/\/api.w.org\/{rel}","templated":true}]}}