{"id":105704,"date":"2022-02-08T19:32:23","date_gmt":"2022-02-08T17:32:23","guid":{"rendered":"https:\/\/wmmaa.org\/fedor-emelianenko-enumero-a-los-candidatos-para-la-pelea-de-despedida\/"},"modified":"2022-02-08T19:32:23","modified_gmt":"2022-02-08T17:32:23","slug":"fedor-emelianenko-enumero-a-los-candidatos-para-la-pelea-de-despedida","status":"publish","type":"post","link":"https:\/\/wmmaa.org\/es\/fedor-emelianenko-enumero-a-los-candidatos-para-la-pelea-de-despedida\/","title":{"rendered":"Fedor Emelianenko enumer\u00f3 a los candidatos para la pelea de despedida"},"content":{"rendered":"<div id=\"feat-img-reg\" class=\"relative\">\n<\/div>\n<div class=\"itemIntroText\">\n<p>El rival Fedor Emelianenko en la pelea de despedida podr\u00eda ser el ganador de la pelea por el t\u00edtulo entre Ryan Bader y Cheick Kongo, o uno de los ex campeones de peso pesado de UFC.<\/p>\n<\/div>\n<div class=\"itemFullText\">\n<blockquote>\n<p>\u201cMe ofrec\u00ed a pelear contra el ganador de la pelea Bader-Congo\u201d, dijo el legendario peso pesado en una entrevista. <a rel=\"nofollow noopener\" target=\"_blank\" href=\"https:\/\/tass.ru\/interviews\/13632415\">TASS<\/a>.  \u201cPero hay muchos \u201cperos\u201d.  Alguien puede lastimarse, alguien puede enfermarse, etc.  Por un lado, Bellator quiere tal lucha, pero cada uno de los atletas puede poner su palabra.  Lesionarse, enfermarse o solicitar condiciones adicionales.  Esta no es la primera vez que escucho cuando a alguien le ofrecen una pelea en mi contra, exigen algunas condiciones adicionales.  Habr\u00e1 dos meses entre estas peleas.  Creo que est\u00e1 bien.  Una vez pele\u00e9 en el Gran Premio de Jap\u00f3n, incluso hubo menos de dos meses entre peleas.<\/p>\n<p>\u201cHemos dejado esta opci\u00f3n en consideraci\u00f3n por ahora, pero me ofrecen actuar con otra persona.  Que la lucha no fue un campeonato.  Tal vez con alguien que no sea de los luchadores de Bellator.  Es interesante para m\u00ed jugar contra Fabricio Werdum, contra Junior dos Santos.  Veremos lo que Bellator tiene para ofrecer\u00bb.<\/p>\n<\/blockquote>\n<p>Seg\u00fan el plan de la organizaci\u00f3n, Fedor Emelianenko deber\u00eda encabezar el pr\u00f3ximo evento ruso de la promoci\u00f3n, que tendr\u00e1 lugar este verano en Mosc\u00fa, y Ryan Bader y Cheick Kongo encabezar\u00e1n el torneo Bellator en Par\u00eds el 6 de mayo.<\/p>\n<\/p><\/div>\n<p>    .<\/p>\n","protected":false},"excerpt":{"rendered":"<p>El rival Fedor Emelianenko en la pelea de despedida podr\u00eda ser el ganador de la pelea por el t\u00edtulo entre Ryan Bader y Cheick Kongo, o uno de los ex campeones de peso pesado de UFC. \u201cMe ofrec\u00ed a pelear contra el ganador de la pelea Bader-Congo\u201d, dijo el legendario peso pesado en una entrevista. [&hellip;]<\/p>\n","protected":false},"author":1,"featured_media":105695,"comment_status":"","ping_status":"open","sticky":false,"template":"","format":"standard","meta":{"footnotes":""},"categories":[1],"tags":[1547],"_links":{"self":[{"href":"https:\/\/wmmaa.org\/es\/wp-json\/wp\/v2\/posts\/105704"}],"collection":[{"href":"https:\/\/wmmaa.org\/es\/wp-json\/wp\/v2\/posts"}],"about":[{"href":"https:\/\/wmmaa.org\/es\/wp-json\/wp\/v2\/types\/post"}],"author":[{"embeddable":true,"href":"https:\/\/wmmaa.org\/es\/wp-json\/wp\/v2\/users\/1"}],"replies":[{"embeddable":true,"href":"https:\/\/wmmaa.org\/es\/wp-json\/wp\/v2\/comments?post=105704"}],"version-history":[{"count":0,"href":"https:\/\/wmmaa.org\/es\/wp-json\/wp\/v2\/posts\/105704\/revisions"}],"wp:featuredmedia":[{"embeddable":true,"href":"https:\/\/wmmaa.org\/es\/wp-json\/wp\/v2\/media\/105695"}],"wp:attachment":[{"href":"https:\/\/wmmaa.org\/es\/wp-json\/wp\/v2\/media?parent=105704"}],"wp:term":[{"taxonomy":"category","embeddable":true,"href":"https:\/\/wmmaa.org\/es\/wp-json\/wp\/v2\/categories?post=105704"},{"taxonomy":"post_tag","embeddable":true,"href":"https:\/\/wmmaa.org\/es\/wp-json\/wp\/v2\/tags?post=105704"}],"curies":[{"name":"wp","href":"https:\/\/api.w.org\/{rel}","templated":true}]}}