{"id":429442,"date":"2024-03-17T11:53:30","date_gmt":"2024-03-17T09:53:30","guid":{"rendered":"https:\/\/wmmaa.org\/?p=429442"},"modified":"2024-03-17T11:53:30","modified_gmt":"2024-03-17T09:53:30","slug":"jose-aldo-kehrt-in-die-ufc-zuruck","status":"publish","type":"post","link":"https:\/\/wmmaa.org\/de\/jose-aldo-kehrt-in-die-ufc-zuruck\/","title":{"rendered":"Jose Aldo kehrt in die UFC zur\u00fcck"},"content":{"rendered":"<div id=\"feat-img-reg\" class=\"relative\">\n <img decoding=\"async\" src=\"https:\/\/wmmaa.org\/wp-content\/uploads\/2024\/03\/Jose-Aldo-returns-to-the-UFC.jpg\" alt=\"Jose Aldo kehrt in die UFC zur\u00fcck\"><\/div>\n<div class=\"itemIntroText\">\n<p>Der ehemalige WEC- und UFC-Federgewichtschampion und fr\u00fchere UFC-Titelherausforderer im Leichtgewicht Jose Aldo, der der st\u00e4rksten Liga der Welt seinen R\u00fccktritt f\u00fcr September 2022 mitgeteilt hat, wird seine Karriere nach einer fast zweij\u00e4hrigen Pause wieder aufnehmen.<\/p>\n<\/p>\n<\/div>\n<div class=\"itemFullText\">\n<p>Laut ESPN wird der legend\u00e4re Brasilianer an der UFC 301 teilnehmen, die am 4. Mai in Rio de Janeiro stattfindet, und der Gegner des UFC Hall of Fame-Mitglieds wird der Amerikaner Jonathan Martinez sein, der in der Rangliste der Leichtgewichtsklasse der Organisation an vierzehnter Stelle steht.<\/p>\n<p>Jose Aldo, 37, stand zuletzt im August 2022 im Achteck und verlor in einem potenziellen Herausforderungskampf gegen Merab Dvalishvili durch einstimmige Entscheidung.<\/p>\n<p>Jonathan Martinez, 29, hat eine Siegesserie von f\u00fcnf K\u00e4mpfen hinter sich und beendete Adrian Yaniz in seinem letzten Kampf durch technischen K.o. in der zweiten Runde.<\/p>\n<p>Am Vortag gab die UFC offiziell bekannt, dass der Hauptkampf der n\u00e4chsten brasilianischen Veranstaltung der Organisation ein Titelkampf im Federgewicht zwischen Alexandre Pantoja und Steve Erceg sein wird.<\/p>\n<\/p>\n<\/div>\n<p class=\"source-link\">Quelle: https:\/\/fighttime.ru\/news\/item\/34199-zhoze-aldo-vozvrashchaetsya-v-ufc.html?rand=19907<\/p>\n","protected":false},"excerpt":{"rendered":"<p>Der ehemalige WEC- und UFC-Federgewichtschampion und fr\u00fchere UFC-Titelherausforderer im Leichtgewicht Jose Aldo, der der st\u00e4rksten Liga der Welt seinen R\u00fccktritt f\u00fcr September 2022 mitgeteilt hat, wird seine Karriere nach einer fast zweij\u00e4hrigen Pause wieder aufnehmen. Laut ESPN wird der legend\u00e4re Brasilianer an der UFC 301 teilnehmen, die am 4. Mai in Rio de Janeiro stattfindet, [&hellip;]<\/p>\n","protected":false},"author":1,"featured_media":429430,"comment_status":"closed","ping_status":"open","sticky":false,"template":"","format":"standard","meta":{"footnotes":""},"categories":[1213],"tags":[522],"_links":{"self":[{"href":"https:\/\/wmmaa.org\/de\/wp-json\/wp\/v2\/posts\/429442"}],"collection":[{"href":"https:\/\/wmmaa.org\/de\/wp-json\/wp\/v2\/posts"}],"about":[{"href":"https:\/\/wmmaa.org\/de\/wp-json\/wp\/v2\/types\/post"}],"author":[{"embeddable":true,"href":"https:\/\/wmmaa.org\/de\/wp-json\/wp\/v2\/users\/1"}],"replies":[{"embeddable":true,"href":"https:\/\/wmmaa.org\/de\/wp-json\/wp\/v2\/comments?post=429442"}],"version-history":[{"count":0,"href":"https:\/\/wmmaa.org\/de\/wp-json\/wp\/v2\/posts\/429442\/revisions"}],"wp:featuredmedia":[{"embeddable":true,"href":"https:\/\/wmmaa.org\/de\/wp-json\/wp\/v2\/media\/429430"}],"wp:attachment":[{"href":"https:\/\/wmmaa.org\/de\/wp-json\/wp\/v2\/media?parent=429442"}],"wp:term":[{"taxonomy":"category","embeddable":true,"href":"https:\/\/wmmaa.org\/de\/wp-json\/wp\/v2\/categories?post=429442"},{"taxonomy":"post_tag","embeddable":true,"href":"https:\/\/wmmaa.org\/de\/wp-json\/wp\/v2\/tags?post=429442"}],"curies":[{"name":"wp","href":"https:\/\/api.w.org\/{rel}","templated":true}]}}