{"id":425340,"date":"2024-02-27T09:42:00","date_gmt":"2024-02-27T07:42:00","guid":{"rendered":"https:\/\/wmmaa.org\/?p=425340"},"modified":"2024-02-27T09:42:00","modified_gmt":"2024-02-27T07:42:00","slug":"nate-diaz-hat-einen-termin-fur-seine-ruckkehr-in-die-ufc-genannt","status":"publish","type":"post","link":"https:\/\/wmmaa.org\/de\/nate-diaz-hat-einen-termin-fur-seine-ruckkehr-in-die-ufc-genannt\/","title":{"rendered":"Nate Diaz hat einen Termin f\u00fcr seine R\u00fcckkehr in die UFC genannt"},"content":{"rendered":"<div id=\"feat-img-reg\" class=\"relative\">\n <img decoding=\"async\" src=\"https:\/\/wmmaa.org\/wp-content\/uploads\/2024\/02\/Nate-Diaz-has-named-a-date-for-his-return-to.jpg\" alt=\"Nate Diaz hat einen Termin f\u00fcr seine R\u00fcckkehr in die UFC genannt\"><\/div>\n<div class=\"itemIntroText\">\n<p>Der beliebte amerikanische K\u00e4mpfer Nate Diaz plant, bei UFC 306 anzutreten, das am 14. September in der Sphere Arena in Las Vegas stattfindet.<\/p>\n<\/p>\n<\/div>\n<div class=\"itemFullText\">\n<p>Der ehemalige Herausforderer des UFC-Leichtgewichtsmeisterschaftsg\u00fcrtels k\u00fcndigte dies im sozialen Netzwerk an und ver\u00f6ffentlichte ein Foto der Arena.<\/p>\n<blockquote>\n<p>&#8222;I&#8217;ll be fighting here! H**** UFC 300&#8220;, schrieb Diaz.<\/p>\n<\/blockquote>\n<p><img decoding=\"async\" src=\"https:\/\/wmmaa.org\/wp-content\/uploads\/2024\/02\/1709019420_476_Nate-Diaz-has-named-a-date-for-his-return-to.jpg\" alt=\"\"><\/p>\n<p>Die nummerierte Veranstaltung, die von der F\u00fchrung der Organisation am vergangenen Wochenende offiziell angek\u00fcndigt wurde, wird am mexikanischen Unabh\u00e4ngigkeitstag stattfinden und verspricht, eine der gr\u00f6\u00dften Shows in der Geschichte der st\u00e4rksten Liga der Welt zu werden.<\/p>\n<p>Nate Diaz, 38, zog sich nach einem vorzeitigen Sieg \u00fcber Tony Ferguson, den er im September 2022 mit einem Guillotine Choke in der vierten Runde beendete, aus der UFC zur\u00fcck. Im vergangenen August gab der Amerikaner ein erfolgloses Deb\u00fct im Profiboxen, als er eine einstimmige Entscheidung \u00fcber zehn Runden gegen den Blogger Jake Paul verlor.<\/p>\n<\/p>\n<\/div>\n<p class=\"source-link\">Quelle: https:\/\/fighttime.ru\/news\/item\/34031-nejt-dias-nazval-datu-vozvrashcheniya-v-ufc.html?rand=19907<\/p>\n","protected":false},"excerpt":{"rendered":"<p>Der beliebte amerikanische K\u00e4mpfer Nate Diaz plant, bei UFC 306 anzutreten, das am 14. September in der Sphere Arena in Las Vegas stattfindet. Der ehemalige Herausforderer des UFC-Leichtgewichtsmeisterschaftsg\u00fcrtels k\u00fcndigte dies im sozialen Netzwerk an und ver\u00f6ffentlichte ein Foto der Arena. &#8222;I&#8217;ll be fighting here! H**** UFC 300&#8220;, schrieb Diaz. Die nummerierte Veranstaltung, die von der [&hellip;]<\/p>\n","protected":false},"author":1,"featured_media":425331,"comment_status":"closed","ping_status":"open","sticky":false,"template":"","format":"standard","meta":{"footnotes":""},"categories":[1213],"tags":[139,5141],"_links":{"self":[{"href":"https:\/\/wmmaa.org\/de\/wp-json\/wp\/v2\/posts\/425340"}],"collection":[{"href":"https:\/\/wmmaa.org\/de\/wp-json\/wp\/v2\/posts"}],"about":[{"href":"https:\/\/wmmaa.org\/de\/wp-json\/wp\/v2\/types\/post"}],"author":[{"embeddable":true,"href":"https:\/\/wmmaa.org\/de\/wp-json\/wp\/v2\/users\/1"}],"replies":[{"embeddable":true,"href":"https:\/\/wmmaa.org\/de\/wp-json\/wp\/v2\/comments?post=425340"}],"version-history":[{"count":0,"href":"https:\/\/wmmaa.org\/de\/wp-json\/wp\/v2\/posts\/425340\/revisions"}],"wp:featuredmedia":[{"embeddable":true,"href":"https:\/\/wmmaa.org\/de\/wp-json\/wp\/v2\/media\/425331"}],"wp:attachment":[{"href":"https:\/\/wmmaa.org\/de\/wp-json\/wp\/v2\/media?parent=425340"}],"wp:term":[{"taxonomy":"category","embeddable":true,"href":"https:\/\/wmmaa.org\/de\/wp-json\/wp\/v2\/categories?post=425340"},{"taxonomy":"post_tag","embeddable":true,"href":"https:\/\/wmmaa.org\/de\/wp-json\/wp\/v2\/tags?post=425340"}],"curies":[{"name":"wp","href":"https:\/\/api.w.org\/{rel}","templated":true}]}}