{"id":421626,"date":"2024-02-03T21:08:13","date_gmt":"2024-02-03T19:08:13","guid":{"rendered":"https:\/\/wmmaa.org\/oleksandr-usik-hat-einen-neuen-gegner-gefunden\/"},"modified":"2024-02-03T21:08:13","modified_gmt":"2024-02-03T19:08:13","slug":"oleksandr-usik-hat-einen-neuen-gegner-gefunden","status":"publish","type":"post","link":"https:\/\/wmmaa.org\/de\/oleksandr-usik-hat-einen-neuen-gegner-gefunden\/","title":{"rendered":"Oleksandr Usik hat einen neuen Gegner gefunden"},"content":{"rendered":"<div id=\"feat-img-reg\" class=\"relative\">\n <img decoding=\"async\" src=\"https:\/\/wmmaa.org\/wp-content\/uploads\/2024\/02\/Oleksandr-Usik-has-been-found-a-new-opponent.jpg\" alt=\"Oleksandr Usik hat einen neuen Gegner gefunden\"><\/div>\n<div class=\"itemIntroText\">\n<p>Trotz der Tatsache, dass Tyson Fury den Kampf um den Titel des absoluten Weltmeisters im Schwergewicht gegen Oleksandr Usik abgesagt hat, will der ukrainische Boxer am 17. Februar in den Ring steigen.<\/p>\n<\/p>\n<\/div>\n<div class=\"itemFullText\">\n<p>Laut Usiks Promoter Alex Krasiuk k\u00f6nnte sein Sch\u00fctzling in zwei Wochen in Riad auf den Kroaten Filip Hrgovic treffen, der Pflichtherausforderer auf den IBF-Weltmeistertitel des Ukrainers ist.<\/p>\n<blockquote>\n<p>&#8222;Wird Usik am 17. k\u00e4mpfen? Wir arbeiten daran, und in den n\u00e4chsten Tagen werden wir eine endg\u00fcltige Entscheidung treffen&#8220;, zitierte der Independent Krasiuk mit den Worten. &#8222;Eigentlich gibt es nur eine Option, denn die IBF hat den Kampf um den Titel des absoluten Weltmeisters unter der Bedingung genehmigt, dass der Champion danach eine Pflichtverteidigung gegen Hrgovic bestreitet. Das bedeutet, dass die IBF ihm den G\u00fcrtel aberkennen wird, wenn der Champion gegen einen anderen k\u00e4mpft.<\/p>\n<\/blockquote>\n<p>Neben dem IBF-Titel h\u00e4lt Oleksandr Usik die G\u00fcrtel der WBA, WBO und IBO, w\u00e4hrend Tyson Fury der amtierende WBC-Weltmeister im Schwergewicht ist.<\/p>\n<p>Am Vorabend wurde bekannt, dass sich der britische Boxer beim Sparring eine schwere Schnittwunde \u00fcber dem rechten Auge zugezogen hat und den Kampf absagen musste. Das Team &#8222;Gypsy King&#8220; hofft, dass der Vereinigungskampf mit Usik auf April oder Mai verschoben werden kann.<\/p>\n<\/p>\n<\/div>\n<p class=\"source-link\">Quelle: https:\/\/fighttime.ru\/news\/item\/33822-aleksandru-usiku-nashli-novogo-sopernika.html?rand=19907<\/p>\n","protected":false},"excerpt":{"rendered":"<p>Trotz der Tatsache, dass Tyson Fury den Kampf um den Titel des absoluten Weltmeisters im Schwergewicht gegen Oleksandr Usik abgesagt hat, will der ukrainische Boxer am 17. Februar in den Ring steigen. Laut Usiks Promoter Alex Krasiuk k\u00f6nnte sein Sch\u00fctzling in zwei Wochen in Riad auf den Kroaten Filip Hrgovic treffen, der Pflichtherausforderer auf den [&hellip;]<\/p>\n","protected":false},"author":1,"featured_media":421613,"comment_status":"","ping_status":"open","sticky":false,"template":"","format":"standard","meta":{"footnotes":""},"categories":[1213],"tags":[4754,5108,141],"_links":{"self":[{"href":"https:\/\/wmmaa.org\/de\/wp-json\/wp\/v2\/posts\/421626"}],"collection":[{"href":"https:\/\/wmmaa.org\/de\/wp-json\/wp\/v2\/posts"}],"about":[{"href":"https:\/\/wmmaa.org\/de\/wp-json\/wp\/v2\/types\/post"}],"author":[{"embeddable":true,"href":"https:\/\/wmmaa.org\/de\/wp-json\/wp\/v2\/users\/1"}],"replies":[{"embeddable":true,"href":"https:\/\/wmmaa.org\/de\/wp-json\/wp\/v2\/comments?post=421626"}],"version-history":[{"count":0,"href":"https:\/\/wmmaa.org\/de\/wp-json\/wp\/v2\/posts\/421626\/revisions"}],"wp:featuredmedia":[{"embeddable":true,"href":"https:\/\/wmmaa.org\/de\/wp-json\/wp\/v2\/media\/421613"}],"wp:attachment":[{"href":"https:\/\/wmmaa.org\/de\/wp-json\/wp\/v2\/media?parent=421626"}],"wp:term":[{"taxonomy":"category","embeddable":true,"href":"https:\/\/wmmaa.org\/de\/wp-json\/wp\/v2\/categories?post=421626"},{"taxonomy":"post_tag","embeddable":true,"href":"https:\/\/wmmaa.org\/de\/wp-json\/wp\/v2\/tags?post=421626"}],"curies":[{"name":"wp","href":"https:\/\/api.w.org\/{rel}","templated":true}]}}