{"id":421551,"date":"2024-02-03T09:36:21","date_gmt":"2024-02-03T07:36:21","guid":{"rendered":"https:\/\/wmmaa.org\/?p=421551"},"modified":"2024-02-03T09:36:21","modified_gmt":"2024-02-03T07:36:21","slug":"alexander-usiks-reaktion-auf-die-absage-des-kampfes-mit-tyson-fury-ist-bekannt-geworden","status":"publish","type":"post","link":"https:\/\/wmmaa.org\/de\/alexander-usiks-reaktion-auf-die-absage-des-kampfes-mit-tyson-fury-ist-bekannt-geworden\/","title":{"rendered":"Alexander Usiks Reaktion auf die Absage des Kampfes mit Tyson Fury ist bekannt geworden"},"content":{"rendered":"<div id=\"feat-img-reg\" class=\"relative\">\n <img decoding=\"async\" src=\"https:\/\/wmmaa.org\/wp-content\/uploads\/2024\/02\/Alexander-Usiks-reaction-to-the-cancellation-of-the-fight-with.jpg\" alt=\"Alexander Usiks Reaktion auf die Absage des Kampfes mit Tyson Fury ist bekannt geworden\"><\/div>\n<div class=\"itemIntroText\">\n<p>Der Manager von Oleksandr Usik, Egis Klimas, berichtete, wie sein Sch\u00fctzling auf die Nachricht \u00fcber die Absage des Kampfes um den Titel des absoluten Boxweltmeisters gegen Tyson Fury reagierte, der am Vortag beim Sparring eine Sezierung erlitt.<\/p>\n<\/p>\n<\/div>\n<div class=\"itemFullText\">\n<blockquote>\n<p>&#8222;Tyson Fury ist ein verdammter Feigling, der alles tun wird, um nicht gegen Usik anzutreten, und er hat seine s**** Frau gebeten, ihm mit einer Bratpfanne in die Augenbraue zu schlagen&#8220;, zitierte Sportskeeda Klimas mit den Worten. &#8222;Sie k\u00f6nnen mich Wort f\u00fcr Wort zitieren. Als die Nachricht Alexander erreichte, l\u00e4chelte er nur. Das war alles, was er tat. Er ist geistig zu stark, um zusammenzubrechen. Ich habe mit so etwas gerechnet.&#8220;<\/p>\n<\/blockquote>\n<p>Zuvor war im Netz ein Video aufgetaucht, in dem best\u00e4tigt wurde, dass der britische Boxer beim Sparring einen Ellbogenschlag seines Gegners abbekommen hatte. Zur gleichen Zeit, &#8222;Gypsy King&#8220; war bereits in Riad, wo sein Kampf mit dem ukrainischen Boxer war es, am 17. Februar stattfinden.<\/p>\n<\/p>\n<p>Zur Erinnerung: Tyson Fury ist Inhaber des WBC-Meisterschaftsg\u00fcrtels im Schwergewicht, w\u00e4hrend Alexander Usik die Titel der WBA, IBF, WBO und IBO in dieser Gewichtsklasse innehat.<\/p>\n<\/p>\n<\/div>\n<p class=\"source-link\">Quelle: https:\/\/fighttime.ru\/news\/item\/33818-stala-izvestna-reaktsiya-aleksandra-usika-na-otmenu-boya-s-tajsonom-fyuri.html?rand=19907<\/p>\n","protected":false},"excerpt":{"rendered":"<p>Der Manager von Oleksandr Usik, Egis Klimas, berichtete, wie sein Sch\u00fctzling auf die Nachricht \u00fcber die Absage des Kampfes um den Titel des absoluten Boxweltmeisters gegen Tyson Fury reagierte, der am Vortag beim Sparring eine Sezierung erlitt. &#8222;Tyson Fury ist ein verdammter Feigling, der alles tun wird, um nicht gegen Usik anzutreten, und er hat [&hellip;]<\/p>\n","protected":false},"author":1,"featured_media":421541,"comment_status":"closed","ping_status":"open","sticky":false,"template":"","format":"standard","meta":{"footnotes":""},"categories":[1213],"tags":[4754,141],"_links":{"self":[{"href":"https:\/\/wmmaa.org\/de\/wp-json\/wp\/v2\/posts\/421551"}],"collection":[{"href":"https:\/\/wmmaa.org\/de\/wp-json\/wp\/v2\/posts"}],"about":[{"href":"https:\/\/wmmaa.org\/de\/wp-json\/wp\/v2\/types\/post"}],"author":[{"embeddable":true,"href":"https:\/\/wmmaa.org\/de\/wp-json\/wp\/v2\/users\/1"}],"replies":[{"embeddable":true,"href":"https:\/\/wmmaa.org\/de\/wp-json\/wp\/v2\/comments?post=421551"}],"version-history":[{"count":0,"href":"https:\/\/wmmaa.org\/de\/wp-json\/wp\/v2\/posts\/421551\/revisions"}],"wp:featuredmedia":[{"embeddable":true,"href":"https:\/\/wmmaa.org\/de\/wp-json\/wp\/v2\/media\/421541"}],"wp:attachment":[{"href":"https:\/\/wmmaa.org\/de\/wp-json\/wp\/v2\/media?parent=421551"}],"wp:term":[{"taxonomy":"category","embeddable":true,"href":"https:\/\/wmmaa.org\/de\/wp-json\/wp\/v2\/categories?post=421551"},{"taxonomy":"post_tag","embeddable":true,"href":"https:\/\/wmmaa.org\/de\/wp-json\/wp\/v2\/tags?post=421551"}],"curies":[{"name":"wp","href":"https:\/\/api.w.org\/{rel}","templated":true}]}}