{"id":416908,"date":"2024-01-03T19:48:37","date_gmt":"2024-01-03T17:48:37","guid":{"rendered":"https:\/\/wmmaa.org\/dustin-puryear-hat-die-wahrscheinlichkeit-eines-kampfes-mit-nate-diaz-als-wahrscheinlich-eingestuft\/"},"modified":"2024-01-03T19:48:37","modified_gmt":"2024-01-03T17:48:37","slug":"dustin-puryear-hat-die-wahrscheinlichkeit-eines-kampfes-mit-nate-diaz-als-wahrscheinlich-eingestuft","status":"publish","type":"post","link":"https:\/\/wmmaa.org\/de\/dustin-puryear-hat-die-wahrscheinlichkeit-eines-kampfes-mit-nate-diaz-als-wahrscheinlich-eingestuft\/","title":{"rendered":"Dustin Puryear hat die Wahrscheinlichkeit eines Kampfes mit Nate Diaz als wahrscheinlich eingestuft"},"content":{"rendered":"<div id=\"feat-img-reg\" class=\"relative\">\n <img decoding=\"async\" src=\"https:\/\/wmmaa.org\/wp-content\/uploads\/2024\/01\/Dustin-Puryear-has-rated-the-likelihood-of-a-fight-with.jpg\" alt=\"Dustin Porier bewertete die Wahrscheinlichkeit eines Kampfes mit Nate Diaz\"><\/div>\n<div class=\"itemIntroText\">\n<p>Der ehemalige Interims-UFC-Leichtgewichtschampion Dustin Porier, der bei UFC 300 antreten will, \u00e4u\u00dferte sich zu Ger\u00fcchten, dass sein Gegner Nate Diaz sein k\u00f6nnte.<\/p>\n<\/p>\n<\/div>\n<div class=\"itemFullText\">\n<blockquote>\n<p>&#8222;Nein, das wird nicht passieren&#8220;, schrieb &#8222;Diamond&#8220; in den sozialen Medien als Antwort auf die entsprechende Frage eines Fans.<\/p>\n<\/blockquote>\n<p>Vor zehn Tagen hatte Nate Diaz, der die st\u00e4rkste Liga der WWE Ende 2022 als Free Agent verl\u00e4sst, angedeutet, dass er gerne an der Jubil\u00e4umsveranstaltung teilnehmen w\u00fcrde und erhielt sofort Anrufe von Dustin Puryear und Michael Chandler.<\/p>\n<p>Vor zwei Tagen berichteten informierte Quellen, dass sich Diaz in einem fr\u00fchen Stadium der Gespr\u00e4che mit der UFC \u00fcber seine R\u00fcckkehr in die Organisation befindet.<\/p>\n<p>Dustin Porier und Nate Diaz sollten bereits 2018 gegeneinander antreten, doch ihr Kampf wurde letztendlich abgesagt, wobei sich beide Seiten immer noch gegenseitig die Schuld f\u00fcr das Scheitern des Kampfes geben.<\/p>\n<p>Zur Erinnerung: UFC 300 findet am 13. April in der T-Mobile Arena in Las Vegas statt.<\/p>\n<\/p>\n<\/div>\n<p class=\"source-link\">Quelle: https:\/\/fighttime.ru\/news\/item\/33561-dastin-pore-otsenil-veroyatnost-boya-s-nejtom-diasom.html?rand=19907<\/p>\n","protected":false},"excerpt":{"rendered":"<p>Der ehemalige Interims-UFC-Leichtgewichtschampion Dustin Porier, der bei UFC 300 antreten will, \u00e4u\u00dferte sich zu Ger\u00fcchten, dass sein Gegner Nate Diaz sein k\u00f6nnte. &#8222;Nein, das wird nicht passieren&#8220;, schrieb &#8222;Diamond&#8220; in den sozialen Medien als Antwort auf die entsprechende Frage eines Fans. Vor zehn Tagen hatte Nate Diaz, der die st\u00e4rkste Liga der WWE Ende 2022 [&hellip;]<\/p>\n","protected":false},"author":1,"featured_media":416893,"comment_status":"","ping_status":"open","sticky":false,"template":"","format":"standard","meta":{"footnotes":""},"categories":[1213],"tags":[4665,139],"_links":{"self":[{"href":"https:\/\/wmmaa.org\/de\/wp-json\/wp\/v2\/posts\/416908"}],"collection":[{"href":"https:\/\/wmmaa.org\/de\/wp-json\/wp\/v2\/posts"}],"about":[{"href":"https:\/\/wmmaa.org\/de\/wp-json\/wp\/v2\/types\/post"}],"author":[{"embeddable":true,"href":"https:\/\/wmmaa.org\/de\/wp-json\/wp\/v2\/users\/1"}],"replies":[{"embeddable":true,"href":"https:\/\/wmmaa.org\/de\/wp-json\/wp\/v2\/comments?post=416908"}],"version-history":[{"count":0,"href":"https:\/\/wmmaa.org\/de\/wp-json\/wp\/v2\/posts\/416908\/revisions"}],"wp:featuredmedia":[{"embeddable":true,"href":"https:\/\/wmmaa.org\/de\/wp-json\/wp\/v2\/media\/416893"}],"wp:attachment":[{"href":"https:\/\/wmmaa.org\/de\/wp-json\/wp\/v2\/media?parent=416908"}],"wp:term":[{"taxonomy":"category","embeddable":true,"href":"https:\/\/wmmaa.org\/de\/wp-json\/wp\/v2\/categories?post=416908"},{"taxonomy":"post_tag","embeddable":true,"href":"https:\/\/wmmaa.org\/de\/wp-json\/wp\/v2\/tags?post=416908"}],"curies":[{"name":"wp","href":"https:\/\/api.w.org\/{rel}","templated":true}]}}