{"id":416640,"date":"2024-01-02T09:34:52","date_gmt":"2024-01-02T07:34:52","guid":{"rendered":"https:\/\/wmmaa.org\/tom-aspinall-hat-seinen-nachsten-gegner-benannt\/"},"modified":"2024-01-02T09:34:52","modified_gmt":"2024-01-02T07:34:52","slug":"tom-aspinall-hat-seinen-nachsten-gegner-benannt","status":"publish","type":"post","link":"https:\/\/wmmaa.org\/de\/tom-aspinall-hat-seinen-nachsten-gegner-benannt\/","title":{"rendered":"Tom Aspinall hat seinen n\u00e4chsten Gegner benannt"},"content":{"rendered":"<div id=\"feat-img-reg\" class=\"relative\">\n <img decoding=\"async\" src=\"https:\/\/wmmaa.org\/wp-content\/uploads\/2024\/01\/Tom-Aspinall-has-named-his-next-opponent.jpg\" alt=\"Tom Aspinall hat seinen n\u00e4chsten Gegner benannt\"><\/div>\n<div class=\"itemIntroText\">\n<p>Interims-UFC-Schwergewichtschampion Tom Aspinall, der Alex Pereira als potenziellen Gegner ausgeschlossen hat, hat verraten, mit wem er in diesem Jahr das Achteck teilen will.<\/p>\n<\/p>\n<\/div>\n<div class=\"itemFullText\">\n<p>Der Brite glaubt, dass der Herausforderer seines Titels in einem Kampf zwischen Curtis Blades und Jailton Almeida ermittelt wird, der am 9. M\u00e4rz bei UFC 299 in Miami stattfinden wird.<\/p>\n<blockquote>\n<p>&#8222;Der Sieger des Kampfes zwischen Blades und Almeida h\u00f6rt sich gut an&#8220;, schrieb Aspinall in den sozialen Medien.<\/p>\n<\/blockquote>\n<p>Tom Aspinall gewann den Interims-Meisterschaftsg\u00fcrtel am 11. November bei UFC 295 in New York durch einen K.o.-Sieg gegen den Russen Sergey Pavlovich bereits in der 69. Das Management der Organisation traf die Entscheidung, den Interimstitel auszuspielen, nachdem der amtierende Champion Jon Jones verletzungsbedingt auf die nummerierte Veranstaltung verzichtet hatte und f\u00fcr eine Verteidigung gegen Stipe Miocic vorgesehen war.<\/p>\n<p>Der Chef der st\u00e4rksten Liga der Welt, Dana White, hat jedoch erkl\u00e4rt, dass man dem Amerikaner den Titel nicht entziehen wird und nach der R\u00fcckkehr des Champions einen geplanten Kampf gegen Miocic abhalten wird, bei dem Aspinall den Interimsg\u00fcrtel verteidigen wird.<\/p>\n<p>Curtis Blades und Jailton Almeida stehen derzeit an f\u00fcnfter bzw. siebter Stelle in der UFC-Rangliste im Schwergewicht.<\/p>\n<\/p>\n<\/div>\n<p class=\"source-link\">Quelle: https:\/\/fighttime.ru\/news\/item\/33546-tom-aspinall-nazval-sleduyushchego-sopernika.html?rand=19907<\/p>\n","protected":false},"excerpt":{"rendered":"<p>Interims-UFC-Schwergewichtschampion Tom Aspinall, der Alex Pereira als potenziellen Gegner ausgeschlossen hat, hat verraten, mit wem er in diesem Jahr das Achteck teilen will. Der Brite glaubt, dass der Herausforderer seines Titels in einem Kampf zwischen Curtis Blades und Jailton Almeida ermittelt wird, der am 9. M\u00e4rz bei UFC 299 in Miami stattfinden wird. &#8222;Der Sieger [&hellip;]<\/p>\n","protected":false},"author":1,"featured_media":416626,"comment_status":"","ping_status":"open","sticky":false,"template":"","format":"standard","meta":{"footnotes":""},"categories":[1213],"tags":[1725,4904,356],"_links":{"self":[{"href":"https:\/\/wmmaa.org\/de\/wp-json\/wp\/v2\/posts\/416640"}],"collection":[{"href":"https:\/\/wmmaa.org\/de\/wp-json\/wp\/v2\/posts"}],"about":[{"href":"https:\/\/wmmaa.org\/de\/wp-json\/wp\/v2\/types\/post"}],"author":[{"embeddable":true,"href":"https:\/\/wmmaa.org\/de\/wp-json\/wp\/v2\/users\/1"}],"replies":[{"embeddable":true,"href":"https:\/\/wmmaa.org\/de\/wp-json\/wp\/v2\/comments?post=416640"}],"version-history":[{"count":0,"href":"https:\/\/wmmaa.org\/de\/wp-json\/wp\/v2\/posts\/416640\/revisions"}],"wp:featuredmedia":[{"embeddable":true,"href":"https:\/\/wmmaa.org\/de\/wp-json\/wp\/v2\/media\/416626"}],"wp:attachment":[{"href":"https:\/\/wmmaa.org\/de\/wp-json\/wp\/v2\/media?parent=416640"}],"wp:term":[{"taxonomy":"category","embeddable":true,"href":"https:\/\/wmmaa.org\/de\/wp-json\/wp\/v2\/categories?post=416640"},{"taxonomy":"post_tag","embeddable":true,"href":"https:\/\/wmmaa.org\/de\/wp-json\/wp\/v2\/tags?post=416640"}],"curies":[{"name":"wp","href":"https:\/\/api.w.org\/{rel}","templated":true}]}}