{"id":406261,"date":"2023-10-23T22:03:55","date_gmt":"2023-10-23T19:03:55","guid":{"rendered":"https:\/\/wmmaa.org\/der-kampf-zwischen-jared-cannonier-und-roman-dolidze-ist-abgesagt-worden\/"},"modified":"2023-10-23T22:03:55","modified_gmt":"2023-10-23T19:03:55","slug":"der-kampf-zwischen-jared-cannonier-und-roman-dolidze-ist-abgesagt-worden","status":"publish","type":"post","link":"https:\/\/wmmaa.org\/de\/der-kampf-zwischen-jared-cannonier-und-roman-dolidze-ist-abgesagt-worden\/","title":{"rendered":"Der Kampf zwischen Jared Cannonier und Roman Dolidze ist abgesagt worden"},"content":{"rendered":"<div id=\"feat-img-reg\" class=\"relative\">\n <img decoding=\"async\" src=\"https:\/\/wmmaa.org\/wp-content\/uploads\/2023\/10\/The-fight-between-Jared-Cannonier-and-Roman-Dolidze-has-been.jpg\" alt=\"Kampf zwischen Jared Cannonier und Roman Dolidze abgesagt\"><\/div>\n<div class=\"itemIntroText\">\n<p>Der ehemalige UFC-Herausforderer im Mittelgewicht, Jared Cannonier, hat sich einen B\u00e4nderriss im Knie zugezogen und wird seinen Kampf gegen Roman Dolidze, der f\u00fcr den 2. Dezember in Austin, Texas, angesetzt war, nicht antreten.<\/p>\n<\/p>\n<\/div>\n<div class=\"itemFullText\">\n<blockquote>\n<p>&#8222;Ich werde am Donnerstag operiert, also wird der Kampf nicht im Dezember stattfinden und die UFC wei\u00df das&#8220;, sagte der Amerikaner gegen\u00fcber MMAJunkie. &#8222;Im Moment arbeiten wir an meinen Versicherungsunterlagen und ich werde mich auf meine Genesung konzentrieren. Hier ist ein Update mit meinem Namen drauf.&#8220;<\/p>\n<\/blockquote>\n<p>Nach Angaben von Cannonier erlitt er die Verletzung kurz nachdem er gebeten wurde, Paulo Costa im Kampf gegen Hamzat Chimaev zu ersetzen.<\/p>\n<blockquote>\n<p>&#8222;Ich bekam einen Anruf und wurde gebeten, den Kampf gegen Chimaev zu \u00fcbernehmen. Bevor ich meinem Manager sagen konnte, er solle der UFC &#8218;Ja&#8216; sagen, wurde ich verletzt. Am 10. Oktober erhielt ich einen Anruf und mir wurde der Kampf angeboten, bevor ich ihn Kamar Usman angeboten habe. Es h\u00e4tte also leicht sein k\u00f6nnen, dass ich an seiner Stelle k\u00e4mpfe.&#8220;<\/p>\n<\/blockquote>\n<p>Zuvor hatte Roman Dolidze seinen Kampf gegen Derek Brunson abgesagt, der aus seinem Vertrag entlassen wurde und den Kader der st\u00e4rksten Liga der Welt verlassen hat.<\/p>\n<\/p>\n<\/div>\n<p class=\"source-link\">Quelle: https:\/\/fighttime.ru\/news\/item\/32965-boj-dzhareda-kannonira-i-romana-dolidze-otmenen.html?rand=19907<\/p>\n","protected":false},"excerpt":{"rendered":"<p>Der ehemalige UFC-Herausforderer im Mittelgewicht, Jared Cannonier, hat sich einen B\u00e4nderriss im Knie zugezogen und wird seinen Kampf gegen Roman Dolidze, der f\u00fcr den 2. Dezember in Austin, Texas, angesetzt war, nicht antreten. &#8222;Ich werde am Donnerstag operiert, also wird der Kampf nicht im Dezember stattfinden und die UFC wei\u00df das&#8220;, sagte der Amerikaner gegen\u00fcber [&hellip;]<\/p>\n","protected":false},"author":1,"featured_media":406247,"comment_status":"","ping_status":"open","sticky":false,"template":"","format":"standard","meta":{"footnotes":""},"categories":[1213],"tags":[372,478],"_links":{"self":[{"href":"https:\/\/wmmaa.org\/de\/wp-json\/wp\/v2\/posts\/406261"}],"collection":[{"href":"https:\/\/wmmaa.org\/de\/wp-json\/wp\/v2\/posts"}],"about":[{"href":"https:\/\/wmmaa.org\/de\/wp-json\/wp\/v2\/types\/post"}],"author":[{"embeddable":true,"href":"https:\/\/wmmaa.org\/de\/wp-json\/wp\/v2\/users\/1"}],"replies":[{"embeddable":true,"href":"https:\/\/wmmaa.org\/de\/wp-json\/wp\/v2\/comments?post=406261"}],"version-history":[{"count":0,"href":"https:\/\/wmmaa.org\/de\/wp-json\/wp\/v2\/posts\/406261\/revisions"}],"wp:featuredmedia":[{"embeddable":true,"href":"https:\/\/wmmaa.org\/de\/wp-json\/wp\/v2\/media\/406247"}],"wp:attachment":[{"href":"https:\/\/wmmaa.org\/de\/wp-json\/wp\/v2\/media?parent=406261"}],"wp:term":[{"taxonomy":"category","embeddable":true,"href":"https:\/\/wmmaa.org\/de\/wp-json\/wp\/v2\/categories?post=406261"},{"taxonomy":"post_tag","embeddable":true,"href":"https:\/\/wmmaa.org\/de\/wp-json\/wp\/v2\/tags?post=406261"}],"curies":[{"name":"wp","href":"https:\/\/api.w.org\/{rel}","templated":true}]}}