{"id":403910,"date":"2023-10-10T09:30:35","date_gmt":"2023-10-10T06:30:35","guid":{"rendered":"https:\/\/wmmaa.org\/paulo-costa-schatzt-die-wahrscheinlichkeit-einer-absage-des-kampfes-gegen-chamzat-chimaev-ein\/"},"modified":"2023-10-10T09:30:35","modified_gmt":"2023-10-10T06:30:35","slug":"paulo-costa-schatzt-die-wahrscheinlichkeit-einer-absage-des-kampfes-gegen-chamzat-chimaev-ein","status":"publish","type":"post","link":"https:\/\/wmmaa.org\/de\/paulo-costa-schatzt-die-wahrscheinlichkeit-einer-absage-des-kampfes-gegen-chamzat-chimaev-ein\/","title":{"rendered":"Paulo Costa sch\u00e4tzt die Wahrscheinlichkeit einer Absage des Kampfes gegen Chamzat Chimaev ein"},"content":{"rendered":"<div id=\"feat-img-reg\" class=\"relative\">\n <img decoding=\"async\" src=\"https:\/\/wmmaa.org\/wp-content\/uploads\/2023\/10\/Paulo-Costa-assessed-the-probability-of-canceling-the-fight-with.jpg\" alt=\"Paulo Costa sch\u00e4tzt die Wahrscheinlichkeit einer Absage des Kampfes gegen Chamzat Chimaev ein\"><\/div>\n<div class=\"itemIntroText\">\n<p>Der ehemalige UFC-Herausforderer im Mittelgewicht, Paulo Costa, verriet, was die Ursache f\u00fcr die Ellbogenoperation war, der er sich f\u00fcnf Wochen vor seinem Kampf gegen Chamzat Chimaev unterzog, und sch\u00e4tzte au\u00dferdem die Wahrscheinlichkeit ein, dass sein Kampf gegen &#8222;Borz&#8220; nicht abgesagt wird.<\/p>\n<\/p>\n<\/div>\n<div class=\"itemFullText\">\n<p>Nach Angaben des Brasilianers begann alles mit einer Staphylokokkeninfektion, die zu einer infekti\u00f6sen Schleimbeutelentz\u00fcndung f\u00fchrte, die eine Operation erforderlich machte.<\/p>\n<blockquote>\n<p>&#8222;Als der Arzt mir sagte, dass mein Ellbogen ge\u00f6ffnet werden m\u00fcsse, fragte ich ihn, wie lange es dauern w\u00fcrde, die F\u00e4den zu entfernen&#8220;, so der Brasilianer in der regul\u00e4ren Ausgabe der Sendung The MMA Hour. &#8222;Er antwortete, dass ich die F\u00e4den zwei Wochen lang behalten m\u00fcsse. Das bedeutete also, dass wir noch zwei Wochen trainieren konnten. Das war eine gute Nachricht, denn das war gut genug f\u00fcr mich &#8211; ich war in guter Form und bereit zu k\u00e4mpfen. Also habe ich die UFC einfach gebeten, mich nicht aus dem Kampf zu nehmen. Zuerst habe ich sogar meinen Arzt gebeten, die UFC nicht zu informieren, aber das war unm\u00f6glich, also musste ich sie informieren.<\/p>\n<\/blockquote>\n<p>Costa h\u00e4lt daran fest, dass sein Kampf gegen den tschetschenischen K\u00e4mpfer wie geplant am 21. Oktober bei UFC 294 in Abu Dhabi stattfinden wird.<\/p>\n<blockquote>\n<p>&#8222;Nat\u00fcrlich findet der Kampf statt. Ich m\u00f6chte der UFC daf\u00fcr danken, dass sie den Kampf nicht abgesagt hat, denn ich glaube, dass ich ihn in 99 von 100 F\u00e4llen schlagen kann. Ich habe alles, was ich brauche, um diesen Motherf***er zu schlagen. Er ist ein K\u00e4mpfer und er hat nichts anderes f\u00fcr mich. Er hat einen gro\u00dfen Kopf, lange Arme, einen d\u00fcnnen K\u00f6rper. Er kann mir nichts antun. Ich werde seinen ersten Tekdown stoppen und ihn k.o. schlagen. Ich wollte diesen Kampf unbedingt, deshalb habe ich nicht abgesagt. Die einzige M\u00f6glichkeit, dass der Kampf nicht stattfindet, ist, wenn die \u00c4rzte mich schreiend und tretend aus dem K\u00e4fig zerren, weil ich gekommen bin, um gegen ihn zu k\u00e4mpfen und ich glaube wirklich, dass ich ihn schlagen kann.&#8220;<\/p>\n<\/blockquote>\n<p>Zur Erinnerung: Der Mittelgewichtskampf ist das zweitwichtigste Ereignis der bevorstehenden, nummerierten Veranstaltung.<\/p>\n<\/p>\n<\/div>\n<p class=\"source-link\">Quelle: https:\/\/fighttime.ru\/news\/item\/32833-paulo-kosta-otsenil-veroyatnost-otmeny-boya-s-khamzatom-chimaevym.html?rand=19907<\/p>\n","protected":false},"excerpt":{"rendered":"<p>Der ehemalige UFC-Herausforderer im Mittelgewicht, Paulo Costa, verriet, was die Ursache f\u00fcr die Ellbogenoperation war, der er sich f\u00fcnf Wochen vor seinem Kampf gegen Chamzat Chimaev unterzog, und sch\u00e4tzte au\u00dferdem die Wahrscheinlichkeit ein, dass sein Kampf gegen &#8222;Borz&#8220; nicht abgesagt wird. Nach Angaben des Brasilianers begann alles mit einer Staphylokokkeninfektion, die zu einer infekti\u00f6sen Schleimbeutelentz\u00fcndung [&hellip;]<\/p>\n","protected":false},"author":1,"featured_media":403898,"comment_status":"","ping_status":"open","sticky":false,"template":"","format":"standard","meta":{"footnotes":""},"categories":[1213],"tags":[56,252],"_links":{"self":[{"href":"https:\/\/wmmaa.org\/de\/wp-json\/wp\/v2\/posts\/403910"}],"collection":[{"href":"https:\/\/wmmaa.org\/de\/wp-json\/wp\/v2\/posts"}],"about":[{"href":"https:\/\/wmmaa.org\/de\/wp-json\/wp\/v2\/types\/post"}],"author":[{"embeddable":true,"href":"https:\/\/wmmaa.org\/de\/wp-json\/wp\/v2\/users\/1"}],"replies":[{"embeddable":true,"href":"https:\/\/wmmaa.org\/de\/wp-json\/wp\/v2\/comments?post=403910"}],"version-history":[{"count":0,"href":"https:\/\/wmmaa.org\/de\/wp-json\/wp\/v2\/posts\/403910\/revisions"}],"wp:featuredmedia":[{"embeddable":true,"href":"https:\/\/wmmaa.org\/de\/wp-json\/wp\/v2\/media\/403898"}],"wp:attachment":[{"href":"https:\/\/wmmaa.org\/de\/wp-json\/wp\/v2\/media?parent=403910"}],"wp:term":[{"taxonomy":"category","embeddable":true,"href":"https:\/\/wmmaa.org\/de\/wp-json\/wp\/v2\/categories?post=403910"},{"taxonomy":"post_tag","embeddable":true,"href":"https:\/\/wmmaa.org\/de\/wp-json\/wp\/v2\/tags?post=403910"}],"curies":[{"name":"wp","href":"https:\/\/api.w.org\/{rel}","templated":true}]}}