{"id":403854,"date":"2023-10-09T19:52:06","date_gmt":"2023-10-09T16:52:06","guid":{"rendered":"https:\/\/wmmaa.org\/sean-strickland-vermutet-geisteskrankheit-bei-israel-adesanya\/"},"modified":"2023-10-09T19:52:06","modified_gmt":"2023-10-09T16:52:06","slug":"sean-strickland-vermutet-geisteskrankheit-bei-israel-adesanya","status":"publish","type":"post","link":"https:\/\/wmmaa.org\/de\/sean-strickland-vermutet-geisteskrankheit-bei-israel-adesanya\/","title":{"rendered":"Sean Strickland vermutet Geisteskrankheit bei Israel Adesanya"},"content":{"rendered":"<div id=\"feat-img-reg\" class=\"relative\">\n <img decoding=\"async\" src=\"https:\/\/wmmaa.org\/wp-content\/uploads\/2023\/10\/Sean-Strickland-suspects-mental-illness-in-Israel-Adesanya.jpg\" alt=\"Sean Strickland vermutet Geisteskrankheit bei Israel Adesanya\"><\/div>\n<div class=\"itemIntroText\">\n<p>Der amtierende UFC-Titelverteidiger im Mittelgewicht, Sean Strickland, hat sich zu einem bizarren Gespr\u00e4ch ge\u00e4u\u00dfert, das er mit Israel Adesanya unmittelbar nach ihrem Kampf f\u00fchrte, der mit einer sensationellen Niederlage f\u00fcr den Nigerianer endete.<\/p>\n<\/p>\n<\/div>\n<div class=\"itemFullText\">\n<blockquote>\n<p>&#8222;Es war sehr seltsam&#8220;, verriet der Amerikaner in einer weiteren Ausgabe seines Podcasts. &#8222;Er sagte mir: &#8218;Du hast \u00fcber meine Familie gesprochen &#8211; das w\u00fcrde ich nie tun.&#8216; Ich sagte: &#8218;Izzy, ich kenne deine Familie \u00fcberhaupt nicht, Bruder. Ich habe keine Ahnung, ob du Br\u00fcder oder Schwestern hast. Ich wei\u00df nichts \u00fcber dich.&#8216; Er zeigte auf seinen Hals und sagte: &#8218;Mein Hund, Mann, mein verdammter Hund&#8216;.&#8220;<\/p>\n<p>&#8222;Ich glaube, dieser Typ braucht Hilfe, denn es war nicht einmal mehr lustig. Diese Liebe, die er f\u00fcr seinen Hund und andere Macken hat, scheint eine Form von Geisteskrankheit zu sein. Man hat das Gef\u00fchl, dass mit dem Kerl etwas nicht stimmt. Jetzt ist es mir irgendwie peinlich, als w\u00fcrde ich einen Schulversager schikanieren, der seine Popel isst. Es am\u00fcsiert mich nicht mehr. Bis auf ein kleines bisschen.&#8220;<\/p>\n<\/blockquote>\n<p>Der Titelkampf im Mittelgewicht zwischen Israel Adesanya und Sean Strickland, der am 9. September als Headliner von UFC 293 in Sydney stattfand, ging \u00fcber die volle Distanz und endete mit einem dominanten Sieg des Amerikaners, der den Kampf mit 49:46 dreimal gewann und damit neuer Champion der Division wurde.<\/p>\n<\/p>\n<\/div>\n<p class=\"source-link\">Quelle: https:\/\/fighttime.ru\/news\/item\/32830-shon-striklend-podozrevaet-psikhicheskoe-rasstrojstvo-u-israelya-adesani.html?rand=19907<\/p>\n","protected":false},"excerpt":{"rendered":"<p>Der amtierende UFC-Titelverteidiger im Mittelgewicht, Sean Strickland, hat sich zu einem bizarren Gespr\u00e4ch ge\u00e4u\u00dfert, das er mit Israel Adesanya unmittelbar nach ihrem Kampf f\u00fchrte, der mit einer sensationellen Niederlage f\u00fcr den Nigerianer endete. &#8222;Es war sehr seltsam&#8220;, verriet der Amerikaner in einer weiteren Ausgabe seines Podcasts. &#8222;Er sagte mir: &#8218;Du hast \u00fcber meine Familie gesprochen [&hellip;]<\/p>\n","protected":false},"author":1,"featured_media":403844,"comment_status":"","ping_status":"open","sticky":false,"template":"","format":"standard","meta":{"footnotes":""},"categories":[1213],"tags":[19,386],"_links":{"self":[{"href":"https:\/\/wmmaa.org\/de\/wp-json\/wp\/v2\/posts\/403854"}],"collection":[{"href":"https:\/\/wmmaa.org\/de\/wp-json\/wp\/v2\/posts"}],"about":[{"href":"https:\/\/wmmaa.org\/de\/wp-json\/wp\/v2\/types\/post"}],"author":[{"embeddable":true,"href":"https:\/\/wmmaa.org\/de\/wp-json\/wp\/v2\/users\/1"}],"replies":[{"embeddable":true,"href":"https:\/\/wmmaa.org\/de\/wp-json\/wp\/v2\/comments?post=403854"}],"version-history":[{"count":0,"href":"https:\/\/wmmaa.org\/de\/wp-json\/wp\/v2\/posts\/403854\/revisions"}],"wp:featuredmedia":[{"embeddable":true,"href":"https:\/\/wmmaa.org\/de\/wp-json\/wp\/v2\/media\/403844"}],"wp:attachment":[{"href":"https:\/\/wmmaa.org\/de\/wp-json\/wp\/v2\/media?parent=403854"}],"wp:term":[{"taxonomy":"category","embeddable":true,"href":"https:\/\/wmmaa.org\/de\/wp-json\/wp\/v2\/categories?post=403854"},{"taxonomy":"post_tag","embeddable":true,"href":"https:\/\/wmmaa.org\/de\/wp-json\/wp\/v2\/tags?post=403854"}],"curies":[{"name":"wp","href":"https:\/\/api.w.org\/{rel}","templated":true}]}}