{"id":399097,"date":"2023-09-16T19:14:07","date_gmt":"2023-09-16T16:14:07","guid":{"rendered":"https:\/\/wmmaa.org\/marlon-vera-beschuldigte-sean-omalley-sich-zu-weigern-den-kampf-anzunehmen\/"},"modified":"2023-09-16T19:14:07","modified_gmt":"2023-09-16T16:14:07","slug":"marlon-vera-beschuldigte-sean-omalley-sich-zu-weigern-den-kampf-anzunehmen","status":"publish","type":"post","link":"https:\/\/wmmaa.org\/de\/marlon-vera-beschuldigte-sean-omalley-sich-zu-weigern-den-kampf-anzunehmen\/","title":{"rendered":"Marlon Vera beschuldigte Sean O&#8217;Malley, sich zu weigern, den Kampf anzunehmen"},"content":{"rendered":"<div id=\"feat-img-reg\" class=\"relative\">\n <img decoding=\"async\" src=\"https:\/\/wmmaa.org\/wp-content\/uploads\/2023\/09\/Marlon-Vera-accused-Sean-OMalley-of-refusing-to-take-the.jpg\" alt=\"Marlon Vera beschuldigte Sean O&#039;Malley, sich zu weigern, den Kampf anzunehmen\"><\/div>\n<div class=\"itemIntroText\">\n<p>Marlon Vera, die Nummer sechs der UFC-Leichtgewichtsklasse, der von Sean O&#8217;Malley herausgefordert wurde, nachdem der Amerikaner seinem Landsmann Aljamain Sterling den Titel entrissen hatte, hat verraten, dass der neue Champion der Liga die Idee, vor Ende des Jahres gegen ihn zu k\u00e4mpfen, verworfen hat.<\/p>\n<\/p>\n<\/div>\n<div class=\"itemFullText\">\n<blockquote>\n<p>&#8222;Zu diesem Zeitpunkt hat noch niemand mit mir gesprochen&#8220;, sagte der ecuadorianische K\u00e4mpfer der Presse und den Fans in Las Vegas. &#8222;Ich bereite mich so vor, als h\u00e4tte ich einen Kampf im Dezember. Was O&#8217;Malley betrifft, so hat er viel \u00fcber den Kampf geredet, aber jetzt hat er einen R\u00fcckzieher gemacht. Ich denke, wenn man ein Champion ist, kann man sich seine K\u00e4mpfe aussuchen, also werden wir sehen, was dieser **** wirklich will.&#8220;<\/p>\n<p>&#8222;Ich trainiere weiter, werde immer besser, bleibe in besserer Form. Ich muss noch ein bisschen schneller und technischer werden als im ersten Kampf, das ist alles, was ich brauche. Er ist ein guter K\u00e4mpfer, er hat den G\u00fcrtel, aber machen Sie sich nichts vor &#8211; ich werde ihm wieder in den Hintern treten.&#8220;<\/p>\n<\/blockquote>\n<p>Vor drei Jahren f\u00fcgte Marlon Vera Sean O&#8217;Malley die einzige Niederlage seiner Karriere zu, als er ihn durch technischen K.o. in der ersten Runde beendete. Nach dem Plan des Champs sollte der R\u00fcckkampf gegen &#8222;Cheeto&#8220; am 16. Dezember bei UFC 296 in Las Vegas stattfinden.<\/p>\n<\/p>\n<\/div>\n<p class=\"source-link\">Quelle: https:\/\/fighttime.ru\/news\/item\/32643-marlon-vera-obvinil-shona-o-melli-v-otkaze-ot-poedinka.html?rand=19907<\/p>\n","protected":false},"excerpt":{"rendered":"<p>Marlon Vera, die Nummer sechs der UFC-Leichtgewichtsklasse, der von Sean O&#8217;Malley herausgefordert wurde, nachdem der Amerikaner seinem Landsmann Aljamain Sterling den Titel entrissen hatte, hat verraten, dass der neue Champion der Liga die Idee, vor Ende des Jahres gegen ihn zu k\u00e4mpfen, verworfen hat. &#8222;Zu diesem Zeitpunkt hat noch niemand mit mir gesprochen&#8220;, sagte der [&hellip;]<\/p>\n","protected":false},"author":1,"featured_media":399084,"comment_status":"","ping_status":"open","sticky":false,"template":"","format":"standard","meta":{"footnotes":""},"categories":[1213],"tags":[458,121],"_links":{"self":[{"href":"https:\/\/wmmaa.org\/de\/wp-json\/wp\/v2\/posts\/399097"}],"collection":[{"href":"https:\/\/wmmaa.org\/de\/wp-json\/wp\/v2\/posts"}],"about":[{"href":"https:\/\/wmmaa.org\/de\/wp-json\/wp\/v2\/types\/post"}],"author":[{"embeddable":true,"href":"https:\/\/wmmaa.org\/de\/wp-json\/wp\/v2\/users\/1"}],"replies":[{"embeddable":true,"href":"https:\/\/wmmaa.org\/de\/wp-json\/wp\/v2\/comments?post=399097"}],"version-history":[{"count":0,"href":"https:\/\/wmmaa.org\/de\/wp-json\/wp\/v2\/posts\/399097\/revisions"}],"wp:featuredmedia":[{"embeddable":true,"href":"https:\/\/wmmaa.org\/de\/wp-json\/wp\/v2\/media\/399084"}],"wp:attachment":[{"href":"https:\/\/wmmaa.org\/de\/wp-json\/wp\/v2\/media?parent=399097"}],"wp:term":[{"taxonomy":"category","embeddable":true,"href":"https:\/\/wmmaa.org\/de\/wp-json\/wp\/v2\/categories?post=399097"},{"taxonomy":"post_tag","embeddable":true,"href":"https:\/\/wmmaa.org\/de\/wp-json\/wp\/v2\/tags?post=399097"}],"curies":[{"name":"wp","href":"https:\/\/api.w.org\/{rel}","templated":true}]}}