{"id":397469,"date":"2023-09-05T15:50:50","date_gmt":"2023-09-05T12:50:50","guid":{"rendered":"https:\/\/wmmaa.org\/conor-mcgregor-hat-den-schwarzen-gurtel-in-jiu-jitsu-erhalten\/"},"modified":"2023-09-05T15:50:50","modified_gmt":"2023-09-05T12:50:50","slug":"conor-mcgregor-hat-den-schwarzen-gurtel-in-jiu-jitsu-erhalten","status":"publish","type":"post","link":"https:\/\/wmmaa.org\/de\/conor-mcgregor-hat-den-schwarzen-gurtel-in-jiu-jitsu-erhalten\/","title":{"rendered":"Conor McGregor hat den schwarzen G\u00fcrtel in Jiu-Jitsu erhalten"},"content":{"rendered":"<div id=\"feat-img-reg\" class=\"relative\">\n <img decoding=\"async\" src=\"https:\/\/wmmaa.org\/wp-content\/uploads\/2023\/09\/Conor-McGregor-has-been-awarded-a-black-belt-in-jiu-jitsu.jpg\" alt=\"Conor McGregor hat den schwarzen G\u00fcrtel im Jiu-Jitsu erhalten\"><\/div>\n<div class=\"itemIntroText\">\n<p>Der ehemalige zweifache UFC-Champion Conor McGregor hat seinen schwarzen Jiu-Jitsu-G\u00fcrtel erhalten, der ihm von seinem Freund und Mentor John Kavanagh \u00fcberreicht wurde.<\/p>\n<\/p>\n<\/div>\n<div class=\"itemFullText\">\n<blockquote>\n<p>&#8222;Heute habe ich meinen schwarzen G\u00fcrtel von meinem Trainer, Freund und Mentor John Kavanagh erhalten! 20 Jahre harte Arbeit!&#8220;, schrieb der Ire in den sozialen Medien. &#8222;Danke John f\u00fcr all diese Jahre und auch an alle meine Teamkollegen, die mich auf dieser Jiu-Jitsu-Reise begleitet haben. Ich danke euch allen aus tiefstem Herzen!&#8220;<\/p>\n<p>&#8222;Das bedeutet mir sehr viel. Das ist mein Leben. Vor allem, weil ich diesen G\u00fcrtel von John bekommen habe, der nicht viele schwarze G\u00fcrtel vergeben hat. Wir machen das seit zwanzig Jahren &#8211; so lange braucht man, um von diesem Mann einen schwarzen G\u00fcrtel zu bekommen.&#8220;<\/p>\n<\/blockquote>\n<p>Dieses Ereignis ist im Hinblick auf einen Beitrag bemerkenswert, den Conor McGregor vor zehn Jahren ver\u00f6ffentlichte.<\/p>\n<blockquote>\n<p>&#8222;Ich will zwei goldene Meisterschaften, einen schwarzen G\u00fcrtel in Jiu-Jitsu, eine Plakette in der Hall of Fame und 25 Millionen auf der Bank. Ist das wirklich zu viel verlangt?&#8220;, schrieb der Ire im November 2013.<\/p>\n<\/blockquote>\n<p>Conor McGregor muss also nur noch auf die Aufnahme in die UFC-Ruhmeshalle warten, die ihm schon lange sicher ist.<\/p>\n<\/p>\n<\/div>\n<p class=\"source-link\">Quelle: https:\/\/fighttime.ru\/news\/item\/32545-konor-makgregor-poluchil-chernyj-poyas-po-dzhiu-dzhitsu.html?rand=19907<\/p>\n","protected":false},"excerpt":{"rendered":"<p>Der ehemalige zweifache UFC-Champion Conor McGregor hat seinen schwarzen Jiu-Jitsu-G\u00fcrtel erhalten, der ihm von seinem Freund und Mentor John Kavanagh \u00fcberreicht wurde. &#8222;Heute habe ich meinen schwarzen G\u00fcrtel von meinem Trainer, Freund und Mentor John Kavanagh erhalten! 20 Jahre harte Arbeit!&#8220;, schrieb der Ire in den sozialen Medien. &#8222;Danke John f\u00fcr all diese Jahre und [&hellip;]<\/p>\n","protected":false},"author":1,"featured_media":397459,"comment_status":"","ping_status":"open","sticky":false,"template":"","format":"standard","meta":{"footnotes":""},"categories":[1213],"tags":[33,4785],"_links":{"self":[{"href":"https:\/\/wmmaa.org\/de\/wp-json\/wp\/v2\/posts\/397469"}],"collection":[{"href":"https:\/\/wmmaa.org\/de\/wp-json\/wp\/v2\/posts"}],"about":[{"href":"https:\/\/wmmaa.org\/de\/wp-json\/wp\/v2\/types\/post"}],"author":[{"embeddable":true,"href":"https:\/\/wmmaa.org\/de\/wp-json\/wp\/v2\/users\/1"}],"replies":[{"embeddable":true,"href":"https:\/\/wmmaa.org\/de\/wp-json\/wp\/v2\/comments?post=397469"}],"version-history":[{"count":0,"href":"https:\/\/wmmaa.org\/de\/wp-json\/wp\/v2\/posts\/397469\/revisions"}],"wp:featuredmedia":[{"embeddable":true,"href":"https:\/\/wmmaa.org\/de\/wp-json\/wp\/v2\/media\/397459"}],"wp:attachment":[{"href":"https:\/\/wmmaa.org\/de\/wp-json\/wp\/v2\/media?parent=397469"}],"wp:term":[{"taxonomy":"category","embeddable":true,"href":"https:\/\/wmmaa.org\/de\/wp-json\/wp\/v2\/categories?post=397469"},{"taxonomy":"post_tag","embeddable":true,"href":"https:\/\/wmmaa.org\/de\/wp-json\/wp\/v2\/tags?post=397469"}],"curies":[{"name":"wp","href":"https:\/\/api.w.org\/{rel}","templated":true}]}}