{"id":397418,"date":"2023-09-05T09:14:48","date_gmt":"2023-09-05T06:14:48","guid":{"rendered":"https:\/\/wmmaa.org\/?p=397418"},"modified":"2023-09-05T09:14:48","modified_gmt":"2023-09-05T06:14:48","slug":"der-ersatzmann-fur-den-kampf-zwischen-adesanya-und-strickland-steht-fest","status":"publish","type":"post","link":"https:\/\/wmmaa.org\/de\/der-ersatzmann-fur-den-kampf-zwischen-adesanya-und-strickland-steht-fest\/","title":{"rendered":"Der Ersatzmann f\u00fcr den Kampf zwischen Adesanya und Strickland steht fest"},"content":{"rendered":"<div id=\"feat-img-reg\" class=\"relative\">\n <img decoding=\"async\" src=\"https:\/\/wmmaa.org\/wp-content\/uploads\/2023\/09\/The-replacement-for-the-fight-between-Adesanya-and-Strickland-has.jpg\" alt=\"Ein Ersatz f\u00fcr den Kampf zwischen Adesanya und Strickland wurde benannt\"><\/div>\n<div class=\"itemIntroText\">\n<p>Jared Cannonier, die Nummer 3 der UFC-Rangliste im Mittelgewicht, wird offiziell f\u00fcr den Titelkampf zwischen Israel Adesanya und Sean Strickland einspringen, der am 9. September bei UFC 293 in Sydney stattfindet.<\/p>\n<\/p>\n<\/div>\n<div class=\"itemFullText\">\n<p>Der Amerikaner sagte der Publikation MMA Junkie, nachdem er am Vortag auf dem australischen Kontinent angekommen war.<\/p>\n<p>Im vergangenen Juli unternahm Jared Cannonier einen erfolglosen Versuch, Israel Adesanya den Meisterschaftsg\u00fcrtel abzunehmen, und unterlag dem Nigerianer durch einstimmige Entscheidung \u00fcber f\u00fcnf Runden. Der 39-j\u00e4hrige Amerikaner hat dann zwei Siege in Folge errungen, indem er Sean Strickland in einer Split Decision und Marvin Vettori einstimmig besiegt hat.<\/p>\n<p>\u00dcber Cannonier in der Rangliste stehen Robert Whittaker und Dricus Du Plessis, die an zweiter bzw. erster Stelle in der Liga stehen. Der S\u00fcdafrikaner hatte den Australier im Juli in einem Herausforderungskampf sensationell ausgeknockt, weigerte sich aber zwei Monate sp\u00e4ter, gegen den Champion anzutreten, und \u00fcberlie\u00df Strickland einen Titelkampf.<\/p>\n<\/p>\n<\/div>\n<p class=\"source-link\">Quelle: https:\/\/fighttime.ru\/news\/item\/32541-nazvan-zapasnoj-uchastnik-boya-mezhdu-adesanej-i-striklendom.html?rand=19907<\/p>\n","protected":false},"excerpt":{"rendered":"<p>Jared Cannonier, die Nummer 3 der UFC-Rangliste im Mittelgewicht, wird offiziell f\u00fcr den Titelkampf zwischen Israel Adesanya und Sean Strickland einspringen, der am 9. September bei UFC 293 in Sydney stattfindet. Der Amerikaner sagte der Publikation MMA Junkie, nachdem er am Vortag auf dem australischen Kontinent angekommen war. Im vergangenen Juli unternahm Jared Cannonier einen [&hellip;]<\/p>\n","protected":false},"author":1,"featured_media":397405,"comment_status":"closed","ping_status":"open","sticky":false,"template":"","format":"standard","meta":{"footnotes":""},"categories":[1213],"tags":[19,372,386,4322],"_links":{"self":[{"href":"https:\/\/wmmaa.org\/de\/wp-json\/wp\/v2\/posts\/397418"}],"collection":[{"href":"https:\/\/wmmaa.org\/de\/wp-json\/wp\/v2\/posts"}],"about":[{"href":"https:\/\/wmmaa.org\/de\/wp-json\/wp\/v2\/types\/post"}],"author":[{"embeddable":true,"href":"https:\/\/wmmaa.org\/de\/wp-json\/wp\/v2\/users\/1"}],"replies":[{"embeddable":true,"href":"https:\/\/wmmaa.org\/de\/wp-json\/wp\/v2\/comments?post=397418"}],"version-history":[{"count":0,"href":"https:\/\/wmmaa.org\/de\/wp-json\/wp\/v2\/posts\/397418\/revisions"}],"wp:featuredmedia":[{"embeddable":true,"href":"https:\/\/wmmaa.org\/de\/wp-json\/wp\/v2\/media\/397405"}],"wp:attachment":[{"href":"https:\/\/wmmaa.org\/de\/wp-json\/wp\/v2\/media?parent=397418"}],"wp:term":[{"taxonomy":"category","embeddable":true,"href":"https:\/\/wmmaa.org\/de\/wp-json\/wp\/v2\/categories?post=397418"},{"taxonomy":"post_tag","embeddable":true,"href":"https:\/\/wmmaa.org\/de\/wp-json\/wp\/v2\/tags?post=397418"}],"curies":[{"name":"wp","href":"https:\/\/api.w.org\/{rel}","templated":true}]}}