{"id":397306,"date":"2023-09-04T11:06:43","date_gmt":"2023-09-04T08:06:43","guid":{"rendered":"https:\/\/wmmaa.org\/volkanovski-gab-seine-vorhersage-fur-den-kampf-adesanya-vs-strickland\/"},"modified":"2023-09-04T11:06:43","modified_gmt":"2023-09-04T08:06:43","slug":"volkanovski-gab-seine-vorhersage-fur-den-kampf-adesanya-vs-strickland","status":"publish","type":"post","link":"https:\/\/wmmaa.org\/de\/volkanovski-gab-seine-vorhersage-fur-den-kampf-adesanya-vs-strickland\/","title":{"rendered":"Volkanovski gab seine Vorhersage f\u00fcr den Kampf Adesanya vs. Strickland"},"content":{"rendered":"<div id=\"feat-img-reg\" class=\"relative\">\n <img decoding=\"async\" src=\"https:\/\/wmmaa.org\/wp-content\/uploads\/2023\/09\/Volkanovski-gave-his-prediction-for-the-Adesanya-vs-Strickland-fight.jpg\" alt=\"Wolkanowski gab seine Vorhersage f\u00fcr den Kampf zwischen Adesanya und Strickland ab\"><\/div>\n<div class=\"itemIntroText\">\n<p>Der amtierende UFC-Federgewichtschampion Alexander Wolkanowski hat seine Meinung zum bevorstehenden Kampf zwischen Israel Adesanya und Sean Strickland ge\u00e4u\u00dfert, in dem sein Freund den UFC-Mittelgewichtsg\u00fcrtel verteidigen wird.<\/p>\n<\/p>\n<\/div>\n<div class=\"itemFullText\">\n<blockquote>\n<p>&#8222;Offensichtlich wird Sean reden und versuchen, ihm unter die Haut zu gehen, es wird also Spa\u00df machen&#8220;, sagte der Australier in einem Video, das auf seinem YouTube-Kanal ver\u00f6ffentlicht wurde. &#8222;Ich denke, Izzy wird ihn unter Druck setzen und ihn f\u00fcr das ganze Gerede bezahlen lassen. Sean wird f\u00fcr all die Worte, die er gesagt hat, geradestehen &#8211; er wird definitiv verletzt werden, daran habe ich keinen Zweifel. Izzy wird ihm eine Menge Schaden zuf\u00fcgen.&#8220;<\/p>\n<\/blockquote>\n<p>Zur Erinnerung: Der Mittelgewichtskampf zwischen Israel Adesanya und Sean Strickland wird der Hauptkampf von UFC 293 sein, der am 9. September in Sydney stattfindet.<\/p>\n<p>Der Nigerianer k\u00e4mpft zwangsweise gegen den Amerikaner, da der erste Herausforderer der Liga, der S\u00fcdafrikaner Dricus Du Plessis, sich zwei Monate nach seinem K.o.-Sieg gegen Robert Whittaker geweigert hat, in das Achteck zur\u00fcckzukehren.<\/p>\n<\/p>\n<\/div>\n<p class=\"source-link\">Quelle: https:\/\/fighttime.ru\/news\/item\/32535-volkanovski-dal-prognoz-na-boj-adesani-i-striklenda.html?rand=19907<\/p>\n","protected":false},"excerpt":{"rendered":"<p>Der amtierende UFC-Federgewichtschampion Alexander Wolkanowski hat seine Meinung zum bevorstehenden Kampf zwischen Israel Adesanya und Sean Strickland ge\u00e4u\u00dfert, in dem sein Freund den UFC-Mittelgewichtsg\u00fcrtel verteidigen wird. &#8222;Offensichtlich wird Sean reden und versuchen, ihm unter die Haut zu gehen, es wird also Spa\u00df machen&#8220;, sagte der Australier in einem Video, das auf seinem YouTube-Kanal ver\u00f6ffentlicht wurde. [&hellip;]<\/p>\n","protected":false},"author":1,"featured_media":397297,"comment_status":"","ping_status":"open","sticky":false,"template":"","format":"standard","meta":{"footnotes":""},"categories":[1213],"tags":[326,19,386,4322],"_links":{"self":[{"href":"https:\/\/wmmaa.org\/de\/wp-json\/wp\/v2\/posts\/397306"}],"collection":[{"href":"https:\/\/wmmaa.org\/de\/wp-json\/wp\/v2\/posts"}],"about":[{"href":"https:\/\/wmmaa.org\/de\/wp-json\/wp\/v2\/types\/post"}],"author":[{"embeddable":true,"href":"https:\/\/wmmaa.org\/de\/wp-json\/wp\/v2\/users\/1"}],"replies":[{"embeddable":true,"href":"https:\/\/wmmaa.org\/de\/wp-json\/wp\/v2\/comments?post=397306"}],"version-history":[{"count":0,"href":"https:\/\/wmmaa.org\/de\/wp-json\/wp\/v2\/posts\/397306\/revisions"}],"wp:featuredmedia":[{"embeddable":true,"href":"https:\/\/wmmaa.org\/de\/wp-json\/wp\/v2\/media\/397297"}],"wp:attachment":[{"href":"https:\/\/wmmaa.org\/de\/wp-json\/wp\/v2\/media?parent=397306"}],"wp:term":[{"taxonomy":"category","embeddable":true,"href":"https:\/\/wmmaa.org\/de\/wp-json\/wp\/v2\/categories?post=397306"},{"taxonomy":"post_tag","embeddable":true,"href":"https:\/\/wmmaa.org\/de\/wp-json\/wp\/v2\/tags?post=397306"}],"curies":[{"name":"wp","href":"https:\/\/api.w.org\/{rel}","templated":true}]}}