{"id":386600,"date":"2023-06-16T00:34:44","date_gmt":"2023-06-15T21:34:44","guid":{"rendered":"https:\/\/wmmaa.org\/vadim-nemkov-ich-moechte-die-arbeit-von-fedor-fortsetzen\/"},"modified":"2023-06-16T00:34:44","modified_gmt":"2023-06-15T21:34:44","slug":"vadim-nemkov-ich-moechte-die-arbeit-von-fedor-fortsetzen","status":"publish","type":"post","link":"https:\/\/wmmaa.org\/de\/vadim-nemkov-ich-moechte-die-arbeit-von-fedor-fortsetzen\/","title":{"rendered":"Vadim Nemkov: \u201eIch m\u00f6chte die Arbeit von Fedor fortsetzen\u201c"},"content":{"rendered":"<div id=\"feat-img-reg\" class=\"relative\">\n <img decoding=\"async\" src=\"https:\/\/wmmaa.org\/wp-content\/uploads\/2023\/06\/a739c45761c97afa5054fcf1fd1d1f62_XL.jpg\"><\/div>\n<div class=\"itemIntroText\">\n<p>Der amtierende Bellator-Titelverteidiger im Halbschwergewicht, Vadim Nemkov, sprach dar\u00fcber, wie er den bevorstehenden Kampf gegen Yoel Romero sieht, und verriet auch, welche Ziele das Team nach dem R\u00fccktritt von Fedor Emelianenko f\u00fcr sich selbst hat.<\/p>\n<\/p>\n<\/div>\n<div class=\"itemFullText\">\n<blockquote>\n<p>\u201eIch bin froh, dass dieser Kampf jetzt stattfinden wird und nicht im Februar, denn bis Februar h\u00e4tte ich eine sehr schnelle und zerknitterte Vorbereitung gehabt\u201c, sagte der Russe im Gespr\u00e4ch mit Reportern an einem Medientag. \u201eJetzt hatte ich die M\u00f6glichkeit, mich besser vorzubereiten und optimal in den Kampf zu gehen. Wenn man f\u00fcnf Runden \u00e0 f\u00fcnf Minuten k\u00e4mpft, ist die Vorbereitung schwieriger, daher ist es schwierig, alle drei Monate f\u00fcnf Runden zu k\u00e4mpfen. \u201d<\/p>\n<p>\u201eIch gehe davon aus, dass Yoel Romero ein harter Gegner sein wird. Ich habe mich auf ihn genauso vorbereitet wie auf Corey Anderson und Phil Davis. Es wird ein harter Kampf \u2013 ich habe mich auf f\u00fcnf Runden vorbereitet, aber ich m\u00f6chte so fr\u00fch wie m\u00f6glich fertig werden. Wir k\u00f6nnen sowohl ringen als auch aufstehen, aber basierend auf Yoels j\u00fcngsten K\u00e4mpfen und meinem Kampf denke ich, dass es nicht viele K\u00e4mpfe geben wird.\u201c<\/p>\n<p>\u201eIch m\u00f6chte die Arbeit von Fedor fortsetzen, denn wir sind alle aus Stary Oskol, aus demselben Team und seinen Sch\u00fclern. Ich m\u00f6chte, dass die Vertreter unserer Schule immer an der Spitze stehen und jemand auf jeden Fall zu den Meistern geh\u00f6rt.\u201c<\/p>\n<\/blockquote>\n<p>Denken Sie daran, dass der Titelkampf zwischen Vadim Nemkov und Yoel Romero das Hauptereignis des Bellator 297-Turniers sein wird, das am 16. Juni in Chicago stattfinden wird.<\/p>\n<\/p>\n<\/div>\n<p class=\"source-link\">Quelle: https:\/\/fighttime.ru\/news\/item\/31815-vadim-nemkov-khotelos-by-prodolzhat-delo-fedora.html?rand=19907<\/p>\n","protected":false},"excerpt":{"rendered":"<p>Der amtierende Bellator-Titelverteidiger im Halbschwergewicht, Vadim Nemkov, sprach dar\u00fcber, wie er den bevorstehenden Kampf gegen Yoel Romero sieht, und verriet auch, welche Ziele das Team nach dem R\u00fccktritt von Fedor Emelianenko f\u00fcr sich selbst hat. \u201eIch bin froh, dass dieser Kampf jetzt stattfinden wird und nicht im Februar, denn bis Februar h\u00e4tte ich eine sehr [&hellip;]<\/p>\n","protected":false},"author":1,"featured_media":386484,"comment_status":"","ping_status":"open","sticky":false,"template":"","format":"standard","meta":{"footnotes":""},"categories":[1213],"tags":[4053,259,1630,338],"_links":{"self":[{"href":"https:\/\/wmmaa.org\/de\/wp-json\/wp\/v2\/posts\/386600"}],"collection":[{"href":"https:\/\/wmmaa.org\/de\/wp-json\/wp\/v2\/posts"}],"about":[{"href":"https:\/\/wmmaa.org\/de\/wp-json\/wp\/v2\/types\/post"}],"author":[{"embeddable":true,"href":"https:\/\/wmmaa.org\/de\/wp-json\/wp\/v2\/users\/1"}],"replies":[{"embeddable":true,"href":"https:\/\/wmmaa.org\/de\/wp-json\/wp\/v2\/comments?post=386600"}],"version-history":[{"count":0,"href":"https:\/\/wmmaa.org\/de\/wp-json\/wp\/v2\/posts\/386600\/revisions"}],"wp:featuredmedia":[{"embeddable":true,"href":"https:\/\/wmmaa.org\/de\/wp-json\/wp\/v2\/media\/386484"}],"wp:attachment":[{"href":"https:\/\/wmmaa.org\/de\/wp-json\/wp\/v2\/media?parent=386600"}],"wp:term":[{"taxonomy":"category","embeddable":true,"href":"https:\/\/wmmaa.org\/de\/wp-json\/wp\/v2\/categories?post=386600"},{"taxonomy":"post_tag","embeddable":true,"href":"https:\/\/wmmaa.org\/de\/wp-json\/wp\/v2\/tags?post=386600"}],"curies":[{"name":"wp","href":"https:\/\/api.w.org\/{rel}","templated":true}]}}