{"id":386276,"date":"2023-05-30T13:35:09","date_gmt":"2023-05-30T10:35:09","guid":{"rendered":"https:\/\/wmmaa.org\/jan-blachowicz-enthullt-plan-zum-kampf-gegen-alex-pereira\/"},"modified":"2023-05-30T13:35:09","modified_gmt":"2023-05-30T10:35:09","slug":"jan-blachowicz-enthullt-plan-zum-kampf-gegen-alex-pereira","status":"publish","type":"post","link":"https:\/\/wmmaa.org\/de\/jan-blachowicz-enthullt-plan-zum-kampf-gegen-alex-pereira\/","title":{"rendered":"Jan Blachowicz enth\u00fcllt Plan zum Kampf gegen Alex Pereira"},"content":{"rendered":"<div id=\"feat-img-reg\" class=\"relative\">\n <img decoding=\"async\" src=\"https:\/\/wmmaa.org\/wp-content\/uploads\/2023\/05\/0fba31228e554bbb3ab8fd5cd09b4b4c_XL.jpg\" alt=\"Jan Blachowicz enth\u00fcllt Plan zum Kampf gegen Alex Pereira\"><\/div>\n<div class=\"itemIntroText\">\n<p>Entgegen der landl\u00e4ufigen Meinung wird der ehemalige UFC-Halbschwergewichts-Champion Jan Blachowicz seine Wrestling-F\u00e4higkeiten in seinem bevorstehenden Kampf mit dem Brasilianer Alex Pereira nicht einsetzen.<\/p>\n<\/p>\n<\/div>\n<div class=\"itemFullText\">\n<blockquote>\n<p>\u201eSeine gesamte Kampfkarriere ist einfach unglaublich\u201c, sagte der polnische K\u00e4mpfer in der n\u00e4chsten Ausgabe der MMA Hour-Sendung. \u201eIch k\u00e4mpfe gerne mit solchen K\u00e4mpfern, weil man daf\u00fcr nicht nach Motivation suchen muss. Deshalb wollte ich diesen Kampf.\u201c<\/p>\n<p>\u201eIch m\u00f6chte meine Haltung \u00fcberpr\u00fcfen, und ich m\u00f6chte seine Haltung \u00fcberpr\u00fcfen. Ich m\u00f6chte sehen, wie ich im Duell mit einem der besten St\u00fcrmer der Welt aussehen werde. Das ist es, was ich wissen m\u00f6chte \u2013 wie meine Schlagtechnik gegen ihn aussehen wird.\u201c<\/p>\n<\/blockquote>\n<p>Denken Sie daran, dass der Kampf zwischen Jan Blachowicz und Alex Pereira am 29. Juli bei UFC 291 in Salt Lake City stattfinden wird, und f\u00fcr den Brasilianer, der im vorherigen Kampf den UFC-Titel im Mittelgewicht verloren hat, wird dies sein Deb\u00fct im Halbschwergewicht sein Aufteilung.<\/p>\n<\/p>\n<\/div>\n<p class=\"source-link\">Quelle: https:\/\/fighttime.ru\/news\/item\/31686-yan-blakhovich-raskryl-plan-na-boj-s-aleksom-perejroj.html?rand=19907<\/p>\n","protected":false},"excerpt":{"rendered":"<p>Entgegen der landl\u00e4ufigen Meinung wird der ehemalige UFC-Halbschwergewichts-Champion Jan Blachowicz seine Wrestling-F\u00e4higkeiten in seinem bevorstehenden Kampf mit dem Brasilianer Alex Pereira nicht einsetzen. \u201eSeine gesamte Kampfkarriere ist einfach unglaublich\u201c, sagte der polnische K\u00e4mpfer in der n\u00e4chsten Ausgabe der MMA Hour-Sendung. \u201eIch k\u00e4mpfe gerne mit solchen K\u00e4mpfern, weil man daf\u00fcr nicht nach Motivation suchen muss. Deshalb [&hellip;]<\/p>\n","protected":false},"author":1,"featured_media":386264,"comment_status":"","ping_status":"open","sticky":false,"template":"","format":"standard","meta":{"footnotes":""},"categories":[1213],"tags":[236,240],"_links":{"self":[{"href":"https:\/\/wmmaa.org\/de\/wp-json\/wp\/v2\/posts\/386276"}],"collection":[{"href":"https:\/\/wmmaa.org\/de\/wp-json\/wp\/v2\/posts"}],"about":[{"href":"https:\/\/wmmaa.org\/de\/wp-json\/wp\/v2\/types\/post"}],"author":[{"embeddable":true,"href":"https:\/\/wmmaa.org\/de\/wp-json\/wp\/v2\/users\/1"}],"replies":[{"embeddable":true,"href":"https:\/\/wmmaa.org\/de\/wp-json\/wp\/v2\/comments?post=386276"}],"version-history":[{"count":0,"href":"https:\/\/wmmaa.org\/de\/wp-json\/wp\/v2\/posts\/386276\/revisions"}],"wp:featuredmedia":[{"embeddable":true,"href":"https:\/\/wmmaa.org\/de\/wp-json\/wp\/v2\/media\/386264"}],"wp:attachment":[{"href":"https:\/\/wmmaa.org\/de\/wp-json\/wp\/v2\/media?parent=386276"}],"wp:term":[{"taxonomy":"category","embeddable":true,"href":"https:\/\/wmmaa.org\/de\/wp-json\/wp\/v2\/categories?post=386276"},{"taxonomy":"post_tag","embeddable":true,"href":"https:\/\/wmmaa.org\/de\/wp-json\/wp\/v2\/tags?post=386276"}],"curies":[{"name":"wp","href":"https:\/\/api.w.org\/{rel}","templated":true}]}}