{"id":383105,"date":"2023-05-09T09:31:48","date_gmt":"2023-05-09T06:31:48","guid":{"rendered":"https:\/\/wmmaa.org\/khamzat-chimaev-bestritt-die-worte-des-prasidenten-der-ufc\/"},"modified":"2023-05-09T09:31:48","modified_gmt":"2023-05-09T06:31:48","slug":"khamzat-chimaev-bestritt-die-worte-des-prasidenten-der-ufc","status":"publish","type":"post","link":"https:\/\/wmmaa.org\/de\/khamzat-chimaev-bestritt-die-worte-des-prasidenten-der-ufc\/","title":{"rendered":"Khamzat Chimaev bestritt die Worte des Pr\u00e4sidenten der UFC"},"content":{"rendered":"<div id=\"feat-img-reg\" class=\"relative\">\n <img decoding=\"async\" src=\"https:\/\/wmmaa.org\/wp-content\/uploads\/2023\/05\/6805ed395d21100431f1a75486d6b9a5_XL.jpg\" alt=\"Khamzat Chimaev bestritt die Worte des Pr\u00e4sidenten der UFC\"><\/div>\n<div class=\"itemIntroText\">\n<p>Die dritte Nummer der UFC-Division im Weltergewicht, Khamzat Chimaev, kommentierte die Worte des Pr\u00e4sidenten der UFC, Dana White, der sagte, dass die lange Ausfallzeit des tschetschenischen K\u00e4mpfers auf seine pers\u00f6nlichen Probleme zur\u00fcckzuf\u00fchren sei und nicht auf die Tatsache, dass die Organisation dies tue ihm keine Gegner geben.<\/p>\n<\/p>\n<\/div>\n<div class=\"itemFullText\">\n<p>Borz machte deutlich, dass die Aussage des Chefs der st\u00e4rksten Liga der Welt nicht stimmt.<\/p>\n<blockquote>\n<p>\u201eIch habe kein Problem mit K\u00e4mpfen \u2013 wenn sie mir einen Kampf gegeben h\u00e4tten, h\u00e4tte ich schon vor langer Zeit gek\u00e4mpft\u201c, schrieb Chimaev im sozialen Netzwerk. \u201eIch habe so viele Trainingslager absolviert und keinen einzigen Kampf. Das Problem liegt definitiv nicht bei mir. Ich habe in Dubai trainiert, dann in Thailand \u2013 warum ich so viel trainiere, wenn es keinen Kampf gibt, verstehe ich nicht. \u201d<\/p>\n<p>\u201eIch kann gegen jeden k\u00e4mpfen, egal gegen wen \u2013 Belal Muhammad, Kamaru Usman, Israel Adesanya, Leon Edwards, Colby Covington, Robert Whittaker\u201c, f\u00fcgte er hinzu.<\/p>\n<\/blockquote>\n<p>Das letzte Mal, als Khamzat Chimaev ungeschlagen im September letzten Jahres ins Achteck einzog, endete er bereits in der ersten Runde mit einer Erdrosselung von Kevin Holland und feierte seinen sechsten Sieg unter dem UFC-Banner.<\/p>\n<p>Ger\u00fcchten zufolge plant der K\u00e4mpfer, der Schweden vertritt, seinen n\u00e4chsten Kampf im Mittelgewicht gegen Paulo Costa, der nicht in der Liste der m\u00f6glichen Gegner erw\u00e4hnt wurde. Der Brasilianer behauptet, dass sein Kampf mit Borz in der Entwicklung ist und am 21. Oktober bei UFC 294 in Abu Dhabi stattfinden soll.<\/p>\n<\/p>\n<\/div>\n<p class=\"source-link\">Quelle: https:\/\/fighttime.ru\/news\/item\/31510-khamzat-chimaev-oproverg-slova-prezidenta-ufc.html?rand=19907<\/p>\n","protected":false},"excerpt":{"rendered":"<p>Die dritte Nummer der UFC-Division im Weltergewicht, Khamzat Chimaev, kommentierte die Worte des Pr\u00e4sidenten der UFC, Dana White, der sagte, dass die lange Ausfallzeit des tschetschenischen K\u00e4mpfers auf seine pers\u00f6nlichen Probleme zur\u00fcckzuf\u00fchren sei und nicht auf die Tatsache, dass die Organisation dies tue ihm keine Gegner geben. Borz machte deutlich, dass die Aussage des Chefs [&hellip;]<\/p>\n","protected":false},"author":1,"featured_media":383093,"comment_status":"","ping_status":"open","sticky":false,"template":"","format":"standard","meta":{"footnotes":""},"categories":[1213],"tags":[1244,1337],"_links":{"self":[{"href":"https:\/\/wmmaa.org\/de\/wp-json\/wp\/v2\/posts\/383105"}],"collection":[{"href":"https:\/\/wmmaa.org\/de\/wp-json\/wp\/v2\/posts"}],"about":[{"href":"https:\/\/wmmaa.org\/de\/wp-json\/wp\/v2\/types\/post"}],"author":[{"embeddable":true,"href":"https:\/\/wmmaa.org\/de\/wp-json\/wp\/v2\/users\/1"}],"replies":[{"embeddable":true,"href":"https:\/\/wmmaa.org\/de\/wp-json\/wp\/v2\/comments?post=383105"}],"version-history":[{"count":0,"href":"https:\/\/wmmaa.org\/de\/wp-json\/wp\/v2\/posts\/383105\/revisions"}],"wp:featuredmedia":[{"embeddable":true,"href":"https:\/\/wmmaa.org\/de\/wp-json\/wp\/v2\/media\/383093"}],"wp:attachment":[{"href":"https:\/\/wmmaa.org\/de\/wp-json\/wp\/v2\/media?parent=383105"}],"wp:term":[{"taxonomy":"category","embeddable":true,"href":"https:\/\/wmmaa.org\/de\/wp-json\/wp\/v2\/categories?post=383105"},{"taxonomy":"post_tag","embeddable":true,"href":"https:\/\/wmmaa.org\/de\/wp-json\/wp\/v2\/tags?post=383105"}],"curies":[{"name":"wp","href":"https:\/\/api.w.org\/{rel}","templated":true}]}}