{"id":382998,"date":"2023-05-08T12:16:53","date_gmt":"2023-05-08T09:16:53","guid":{"rendered":"https:\/\/wmmaa.org\/dana-white-reagiert-auf-adesanyas-und-pereiras-dritten-kampf\/"},"modified":"2023-05-08T12:16:53","modified_gmt":"2023-05-08T09:16:53","slug":"dana-white-reagiert-auf-adesanyas-und-pereiras-dritten-kampf","status":"publish","type":"post","link":"https:\/\/wmmaa.org\/de\/dana-white-reagiert-auf-adesanyas-und-pereiras-dritten-kampf\/","title":{"rendered":"Dana White reagiert auf Adesanyas und Pereiras dritten Kampf"},"content":{"rendered":"<div id=\"feat-img-reg\" class=\"relative\">\n <img decoding=\"async\" src=\"https:\/\/wmmaa.org\/wp-content\/uploads\/2023\/05\/6a79be8dc98a6117d1caa285c278d2b1_XL.jpg\" alt=\"Dana White reagiert auf Adesanyas und Pereiras dritten Kampf\"><\/div>\n<div class=\"itemIntroText\">\n<p>Ein dritter Titelkampf zwischen Israel Adesanya und Alex Pereira stehe nicht auf der Agenda der Organisation, teilte UFC-Pr\u00e4sidentin Dana White auf einer Pressekonferenz in Newark mit.<\/p>\n<\/p>\n<\/div>\n<div class=\"itemFullText\">\n<blockquote>\n<p>\u201eIch habe keine Ahnung, worum es geht \u2013 Pereira wird ins Halbschwergewicht aufsteigen\u201c, sagte White einem Reporter, der ihn bat, die Absicht des Brasilianers zu kommentieren, die Trilogie mit dem Nigerianer abzuschlie\u00dfen.<\/p>\n<\/blockquote>\n<p>Letzten November holte Alex Pereira den UFC-Titel im Mittelgewicht von Israel Adesanya mit einem TKO in der f\u00fcnften Runde, und vor einem Monat nahm Adesanya mit einem KO-Sieg in der zweiten F\u00fcnf-Minuten-Phase \u00fcberzeugende Revanche.<\/p>\n<p>Nachdem er den Meisterschaftsg\u00fcrtel verloren hatte, k\u00fcndigte der Brasilianer an, dass er seine Profikarriere im Halbschwergewicht fortsetzen werde, machte jedoch danach mehrere Erkl\u00e4rungen, dass er zun\u00e4chst einen dritten Kampf mit dem Nigerianer f\u00fchren und diese Konfrontation beenden wolle.<\/p>\n<p>Erinnern Sie sich daran, dass Pereira Adesanya in der Vergangenheit zweimal in Kickboxk\u00e4mpfen besiegt und ihn einmal zu einem tauben Knockout geschickt hat.<\/p>\n<\/p>\n<\/div>\n<p class=\"source-link\">Quelle: https:\/\/fighttime.ru\/news\/item\/31504-dana-uajt-otvetil-po-povodu-tretego-boya-adesani-i-perejry.html?rand=19907<\/p>\n","protected":false},"excerpt":{"rendered":"<p>Ein dritter Titelkampf zwischen Israel Adesanya und Alex Pereira stehe nicht auf der Agenda der Organisation, teilte UFC-Pr\u00e4sidentin Dana White auf einer Pressekonferenz in Newark mit. \u201eIch habe keine Ahnung, worum es geht \u2013 Pereira wird ins Halbschwergewicht aufsteigen\u201c, sagte White einem Reporter, der ihn bat, die Absicht des Brasilianers zu kommentieren, die Trilogie mit [&hellip;]<\/p>\n","protected":false},"author":1,"featured_media":382985,"comment_status":"","ping_status":"open","sticky":false,"template":"","format":"standard","meta":{"footnotes":""},"categories":[1213],"tags":[236,1337,19],"_links":{"self":[{"href":"https:\/\/wmmaa.org\/de\/wp-json\/wp\/v2\/posts\/382998"}],"collection":[{"href":"https:\/\/wmmaa.org\/de\/wp-json\/wp\/v2\/posts"}],"about":[{"href":"https:\/\/wmmaa.org\/de\/wp-json\/wp\/v2\/types\/post"}],"author":[{"embeddable":true,"href":"https:\/\/wmmaa.org\/de\/wp-json\/wp\/v2\/users\/1"}],"replies":[{"embeddable":true,"href":"https:\/\/wmmaa.org\/de\/wp-json\/wp\/v2\/comments?post=382998"}],"version-history":[{"count":0,"href":"https:\/\/wmmaa.org\/de\/wp-json\/wp\/v2\/posts\/382998\/revisions"}],"wp:featuredmedia":[{"embeddable":true,"href":"https:\/\/wmmaa.org\/de\/wp-json\/wp\/v2\/media\/382985"}],"wp:attachment":[{"href":"https:\/\/wmmaa.org\/de\/wp-json\/wp\/v2\/media?parent=382998"}],"wp:term":[{"taxonomy":"category","embeddable":true,"href":"https:\/\/wmmaa.org\/de\/wp-json\/wp\/v2\/categories?post=382998"},{"taxonomy":"post_tag","embeddable":true,"href":"https:\/\/wmmaa.org\/de\/wp-json\/wp\/v2\/tags?post=382998"}],"curies":[{"name":"wp","href":"https:\/\/api.w.org\/{rel}","templated":true}]}}