{"id":362816,"date":"2023-02-20T13:53:58","date_gmt":"2023-02-20T11:53:58","guid":{"rendered":"https:\/\/wmmaa.org\/jamal-hill-sagte-einen-ruckkampf-zwischen-pereira-und-adesanya-voraus\/"},"modified":"2023-02-20T13:53:58","modified_gmt":"2023-02-20T11:53:58","slug":"jamal-hill-sagte-einen-ruckkampf-zwischen-pereira-und-adesanya-voraus","status":"publish","type":"post","link":"https:\/\/wmmaa.org\/de\/jamal-hill-sagte-einen-ruckkampf-zwischen-pereira-und-adesanya-voraus\/","title":{"rendered":"Jamal Hill sagte einen R\u00fcckkampf zwischen Pereira und Adesanya voraus"},"content":{"rendered":"<div id=\"feat-img-reg\" class=\"relative\">\n <img decoding=\"async\" src=\"https:\/\/wmmaa.org\/wp-content\/uploads\/2023\/02\/442767e606cea7c194753a1e823380a7_XL.jpg\" alt=\"Jamal Hill sagte einen R\u00fcckkampf zwischen Pereira und Adesanya voraus\"><\/div>\n<p><!-- Item introtext --><\/p>\n<div class=\"itemIntroText\">\n<p>Der amtierende UFC-Champion im Halbschwergewicht, Jamal Hill, der mit Alex Pereira Freundlichkeiten ausgetauscht hat, glaubt nicht, dass der Brasilianer den UFC-Titel im Mittelgewicht in einem R\u00fcckkampf gegen Israel Adesanya verteidigen kann.<\/p>\n<\/p>\n<\/div>\n<p><!--AdFox START--><\/p>\n<p><!--&#1055;&#1083;&#1086;&#1097;&#1072;&#1076;&#1082;&#1072;: FightTime.ru \/ * \/ *--><\/p>\n<p><!--&#1058;&#1080;&#1087; &#1073;&#1072;&#1085;&#1085;&#1077;&#1088;&#1072;: &#1044;&#1077;&#1089;&#1082;&#1090;&#1086;&#1087;\/&#1052;&#1086;&#1073;&#1080;&#1083;&#1100;&#1085;&#1099;&#1081; 728x90\/300x300--><\/p>\n<p><!--&#1056;&#1072;&#1089;&#1087;&#1086;&#1083;&#1086;&#1078;&#1077;&#1085;&#1080;&#1077;: &#1050;&#1086;&#1085;&#1090;&#1077;&#1085;&#1090; &#1087;&#1086;&#1089;&#1083;&#1077; &#1074;&#1089;&#1090;&#1091;&#1087;&#1083;&#1077;&#1085;&#1080;&#1103;--><\/p>\n<div id=\"adfox_167032076949914564\" class=\"yandex_rtb_wrapper\"><\/div>\n<p><!-- Item fulltext --><\/p>\n<div class=\"itemFullText\">\n<blockquote>\n<p>\u201eNein, ich sehe nicht, dass Pereira Adesanya schl\u00e4gt\u201c, sagte der amerikanische K\u00e4mpfer zu The Schmo. &#8222;Wenn Izzy nur seine H\u00e4nde ausstreckt, mit ihm boxt, wird er ihn bei Geschwindigkeit \u00fcberbieten und gewinnen&#8220;<\/p>\n<p>\u201eAlex muss sich auf jeden Fall auf den R\u00fcckkampf mit Izzy konzentrieren und nicht an den Kampf mit mir denken, denn beim letzten Mal wurde ihm die meiste Zeit des Kampfes in den Arsch getreten.\u201c<\/p>\n<\/blockquote>\n<p>Letzten November holte Alex Pereira bei UFC 281 in New York die UFC-Meisterschaft im Mittelgewicht von Israel Adesanya mit einem TKO-Finish in der f\u00fcnften Runde an den Nigerianer, mit einem sofortigen R\u00fcckkampf im Mittelgewicht am 8. April als Headliner bei UFC 287 in Miami.<\/p>\n<\/p>\n<\/div>\n<p><!--post-tags--><\/p>\n<p>Quelle: https:\/\/fighttime.ru\/news\/item\/30834-dzhamal-khill-dal-prognoz-na-revansh-perejry-i-adesani.html?rand=19907<\/p>\n","protected":false},"excerpt":{"rendered":"<p>Der amtierende UFC-Champion im Halbschwergewicht, Jamal Hill, der mit Alex Pereira Freundlichkeiten ausgetauscht hat, glaubt nicht, dass der Brasilianer den UFC-Titel im Mittelgewicht in einem R\u00fcckkampf gegen Israel Adesanya verteidigen kann. \u201eNein, ich sehe nicht, dass Pereira Adesanya schl\u00e4gt\u201c, sagte der amerikanische K\u00e4mpfer zu The Schmo. &#8222;Wenn Izzy nur seine H\u00e4nde ausstreckt, mit ihm boxt, [&hellip;]<\/p>\n","protected":false},"author":1,"featured_media":362806,"comment_status":"","ping_status":"open","sticky":false,"template":"","format":"standard","meta":{"footnotes":""},"categories":[1213],"tags":[236,19,1894],"_links":{"self":[{"href":"https:\/\/wmmaa.org\/de\/wp-json\/wp\/v2\/posts\/362816"}],"collection":[{"href":"https:\/\/wmmaa.org\/de\/wp-json\/wp\/v2\/posts"}],"about":[{"href":"https:\/\/wmmaa.org\/de\/wp-json\/wp\/v2\/types\/post"}],"author":[{"embeddable":true,"href":"https:\/\/wmmaa.org\/de\/wp-json\/wp\/v2\/users\/1"}],"replies":[{"embeddable":true,"href":"https:\/\/wmmaa.org\/de\/wp-json\/wp\/v2\/comments?post=362816"}],"version-history":[{"count":0,"href":"https:\/\/wmmaa.org\/de\/wp-json\/wp\/v2\/posts\/362816\/revisions"}],"wp:featuredmedia":[{"embeddable":true,"href":"https:\/\/wmmaa.org\/de\/wp-json\/wp\/v2\/media\/362806"}],"wp:attachment":[{"href":"https:\/\/wmmaa.org\/de\/wp-json\/wp\/v2\/media?parent=362816"}],"wp:term":[{"taxonomy":"category","embeddable":true,"href":"https:\/\/wmmaa.org\/de\/wp-json\/wp\/v2\/categories?post=362816"},{"taxonomy":"post_tag","embeddable":true,"href":"https:\/\/wmmaa.org\/de\/wp-json\/wp\/v2\/tags?post=362816"}],"curies":[{"name":"wp","href":"https:\/\/api.w.org\/{rel}","templated":true}]}}