{"id":358858,"date":"2023-02-15T00:43:01","date_gmt":"2023-02-14T22:43:01","guid":{"rendered":"https:\/\/wmmaa.org\/wird-wilder-usyk-gegen-fury-ersetzen-was-passieren-wird-weis-warren\/"},"modified":"2023-02-15T00:43:01","modified_gmt":"2023-02-14T22:43:01","slug":"wird-wilder-usyk-gegen-fury-ersetzen-was-passieren-wird-weis-warren","status":"publish","type":"post","link":"https:\/\/wmmaa.org\/de\/wird-wilder-usyk-gegen-fury-ersetzen-was-passieren-wird-weis-warren\/","title":{"rendered":"Wird Wilder Usyk gegen Fury ersetzen? Was passieren wird, wei\u00df Warren"},"content":{"rendered":"<p><img decoding=\"async\" src=\"https:\/\/wmmaa.org\/wp-content\/uploads\/2023\/02\/e898d84b35b1090205f3b2be035af6f1.jpg\" alt=\"\"><\/p>\n<div>\n<p>Co-Promoter von WBC-Champion Tyson Fury (33-0-1, 24 KOs), Head of Queensberry Promotions Frank Warren besteht darauf, dass der Brite sich voll und ganz auf den n\u00e4chsten Kampf mit IBF\/WBO\/WBA-Champion Alexander Usyk (20-0, 13 KOs) f\u00fcr den Status eines Boxers Nr. 1 im Schwergewicht und betrachtet das vierte Aufeinandertreffen mit Deontay Wilder (43-2-1, 42 KOs) nicht als &#8222;Reserve&#8220;.<\/p>\n<p>Gestern gab es Ger\u00fcchte, dass der \u201eZigeunerk\u00f6nig\u201c angeblich in geheime Verhandlungen \u00fcber eine neue Konfrontation mit dem Amerikaner eingetreten sei, falls die geplante Konfrontation mit Usyk scheitern sollte.<\/p>\n<p>Warren bestreitet dies.<\/p>\n<p>\u201eSoweit ich wei\u00df, wei\u00df ich dar\u00fcber \u00fcberhaupt nichts. Nein, absolut. Es sei nicht passiert, sagte er.<br \/>\n<a rel=\"nofollow noopener\" target=\"_blank\" href=\"https:\/\/talksport.com\/sport\/boxing\/1331727\/\">talkSPORT<\/a>. Soweit ich wei\u00df, er [\u0423\u0430\u0439\u043b\u0434\u0435\u0440\u0443] befohlen, gegen Andy Ruiz um den obligatorischen Herausfordererstatus zu k\u00e4mpfen.&#8220;<\/p>\n<div>\n<p>Wie dem auch sei, Fury gab zu, dass er von den Fortschritten in seinem Kampf mit Usyk entt\u00e4uscht war. Er ist seit einer Woche weg.<\/p>\n<p>Usyks Promoter ist heute nach London geflogen, um endlich diesen Fortschritt zu erzielen.<\/p>\n<div>\n<b><\/p>\n","protected":false},"excerpt":{"rendered":"<p>Co-Promoter von WBC-Champion Tyson Fury (33-0-1, 24 KOs), Head of Queensberry Promotions Frank Warren besteht darauf, dass der Brite sich voll und ganz auf den n\u00e4chsten Kampf mit IBF\/WBO\/WBA-Champion Alexander Usyk (20-0, 13 KOs) f\u00fcr den Status eines Boxers Nr. 1 im Schwergewicht und betrachtet das vierte Aufeinandertreffen mit Deontay Wilder (43-2-1, 42 KOs) nicht [&hellip;]<\/p>\n","protected":false},"author":1,"featured_media":358846,"comment_status":"","ping_status":"open","sticky":false,"template":"","format":"standard","meta":{"footnotes":""},"categories":[1213],"tags":[],"_links":{"self":[{"href":"https:\/\/wmmaa.org\/de\/wp-json\/wp\/v2\/posts\/358858"}],"collection":[{"href":"https:\/\/wmmaa.org\/de\/wp-json\/wp\/v2\/posts"}],"about":[{"href":"https:\/\/wmmaa.org\/de\/wp-json\/wp\/v2\/types\/post"}],"author":[{"embeddable":true,"href":"https:\/\/wmmaa.org\/de\/wp-json\/wp\/v2\/users\/1"}],"replies":[{"embeddable":true,"href":"https:\/\/wmmaa.org\/de\/wp-json\/wp\/v2\/comments?post=358858"}],"version-history":[{"count":0,"href":"https:\/\/wmmaa.org\/de\/wp-json\/wp\/v2\/posts\/358858\/revisions"}],"wp:featuredmedia":[{"embeddable":true,"href":"https:\/\/wmmaa.org\/de\/wp-json\/wp\/v2\/media\/358846"}],"wp:attachment":[{"href":"https:\/\/wmmaa.org\/de\/wp-json\/wp\/v2\/media?parent=358858"}],"wp:term":[{"taxonomy":"category","embeddable":true,"href":"https:\/\/wmmaa.org\/de\/wp-json\/wp\/v2\/categories?post=358858"},{"taxonomy":"post_tag","embeddable":true,"href":"https:\/\/wmmaa.org\/de\/wp-json\/wp\/v2\/tags?post=358858"}],"curies":[{"name":"wp","href":"https:\/\/api.w.org\/{rel}","templated":true}]}}