{"id":358785,"date":"2023-02-14T23:06:31","date_gmt":"2023-02-14T21:06:31","guid":{"rendered":"https:\/\/wmmaa.org\/jens-pulver-erklart-warum-ihm-die-aufnahme-in-die-ufc-hall-of-fame-so-viel-bedeutet-das-ist-alles-fur-mich\/"},"modified":"2023-02-14T23:06:31","modified_gmt":"2023-02-14T21:06:31","slug":"jens-pulver-erklart-warum-ihm-die-aufnahme-in-die-ufc-hall-of-fame-so-viel-bedeutet-das-ist-alles-fur-mich","status":"publish","type":"post","link":"https:\/\/wmmaa.org\/de\/jens-pulver-erklart-warum-ihm-die-aufnahme-in-die-ufc-hall-of-fame-so-viel-bedeutet-das-ist-alles-fur-mich\/","title":{"rendered":"Jens Pulver erkl\u00e4rt, warum ihm die Aufnahme in die UFC Hall of Fame so viel bedeutet: \u201eDas ist alles f\u00fcr mich\u201c"},"content":{"rendered":"<p>Jens Pulver hatte endlich seinen Frieden damit gefunden, nicht in der UFC Hall of Fame zu stehen. <\/p>\n<p>Obwohl der jetzt 48-j\u00e4hrige MMA-Pionier der erste Leichtgewichts-Champion der Promotion war, hatte er das Gef\u00fchl, dass vielleicht zu viel Zeit vergangen war, um dar\u00fcber nachzudenken. Pulver wollte sich auch nicht zu einem Platz in der UFC Hall of Fame bef\u00f6rdern, da er glaubte, dass dies nicht der beste Weg sei, um eine solche Ehre zu erlangen. <\/p>\n<p>\u201eIch liebe euch alle wieder und danke, dass ihr meinen Namen hochgehalten und ihn interessant gemacht habt. Das w\u00fcrde jedes Jahr passieren\u201c, erkl\u00e4rte Pulver am Montag <em>Die MMA-Stunde<\/em>. \u201eIch war immer fest davon \u00fcberzeugt, dass du es nicht verdienst, wenn du es selbst verkaufen musst. Das ist der Grund, warum ich nicht retweetet oder mitgemacht habe.<\/p>\n<p> Am Samstag wurde UFC 284 ausgestrahlt. Pulver war \u00fcberraschend Gastgeber einer UFC-Twitch-Watch-Party. Dieser Auftritt besch\u00e4ftigt ihn seit vielen Jahren. Pl\u00f6tzlich begann eine Highlight-Rolle zu spielen. <\/p>\n<div><\/div>\n<p>Laut Pulver gab ihm niemand einen Hinweis darauf, dass er als UFC Hall of Fame-Kandidat bekannt gegeben wurde. Es wurde von seiner Familie geheim gehalten, obwohl Pulvers Sohn ihn w\u00e4hrend des Twitch-Streams aufzeichnete. <\/p>\n<p>Pulver brauchte einen Moment, um zu begreifen, was vor sich ging. Pulver wurde dann von Emotionen \u00fcberw\u00e4ltigt. <\/p>\n<p>&#8222;Ich war einfach fassungslos&#8220;, sagte Pulver. \u201eIch hatte keine Ahnung. Es war vorbei. Es war in Ordnung, an diesem Ort in meinem Leben zu sein.<\/p>\n<p>\u201eAlso war ich an einem guten Ort. Ich habe nie, nie, nie erwartet, was genau dort passieren w\u00fcrde.\u201c<\/p>\n<p> Die Funktion \u201eWo bist du jetzt\u201c wurde Pulver vor der Bekanntgabe der UFC Hall of Fame vorgeschlagen. Er fand, dass dies eine angemessene M\u00f6glichkeit sei, seine Geschichte einer neuen Generation von Menschen zu erz\u00e4hlen, die ihn w\u00e4hrend seiner glorreichen Tage vielleicht nicht in Aktion gesehen haben. <\/p>\n<p>Als er tats\u00e4chlich von seiner Einberufung erfuhr, die w\u00e4hrend der UFC International Fight Week im Juli stattfinden wird, versp\u00fcrte Pulver ein Gef\u00fchl des Abschlusses seiner Karriere. <\/p>\n<p>&#8222;Gr\u00f6\u00dfer als der WM-Titel. Pulver erkl\u00e4rte, dass dies alles f\u00fcr ihn ist. &#8222;Es ist das Ende. Die Hall of Fame ist f\u00fcr immer. Weltmeisterschaften k\u00f6nnen kommen und gehen. Sie werden mich immer als den Champion und den allerersten UFC-Weltmeister im Leichtgewicht betrachten. Du bist mein Pate, sage ich dir. Das ist Unsterblichkeit. <\/p>\n<p>\u201eDas kann ich meinem Sohn, meiner Tochter Hayden und meinem M\u00e4dchen Madelaine geben. Ich m\u00f6chte nur, dass Sie stolz auf mich sind. Ich hatte so viel Bedauern \u2013 h\u00e4tte, h\u00e4tte, k\u00f6nnte \u2013 in meiner Karriere. Die Pechstr\u00e4hne war ein Moment im Finale, etwas, von dem ich nicht wusste, dass es passieren w\u00fcrde. Dies ist ein sehr seltener Moment.<\/p>\n<p>. Es ist alles f\u00fcr mich.<\/p>\n<p> Dies war auch eine Gelegenheit f\u00fcr Pulver und seinen Sohn Carson, einen Moment zusammen zu verbringen, als er seine Reaktion filmte, als die Ank\u00fcndigungen der UFC Hall of Fame gemacht wurden. <\/p>\n<p> Es versetzte Pulver in seine Kindheit zur\u00fcck. Er ist mit T\u00e4tern aufgewachsen und hat sich selbst ein Versprechen gegeben. Dieses Versprechen ist endlich eingetroffen. <\/p>\n<p>\u201eMeinen Jungen anzusehen war es\u201c, stellte Pulver fest. \u201eEs ist ironisch. Es war ironisch. Er wird nie wissen, wie das ist. Er wird nie wissen, wie Schmerz ist. Er wird nie wissen, wie es ist, Angst vor seinem Vater zu haben. Er wird weglaufen, wenn er seinen sieht Vater zu Hause .&#8216;<\/p>\n<p>\u201eDann ist da pl\u00f6tzlich mein Sohn und es fing an, mich zu treffen. Mir steigen gerade Tr\u00e4nen in die Augen. Ich muss ihn fragen: \u201aIch hoffe, du bist stolz auf deinen Vater, weil ich nicht stolz war meins Du solltest stolz auf deinen Vater sein.<\/p>\n<p>Quelle: https:\/\/www.mmafighting.com\/2023\/2\/14\/23598677\/jens-pulver-explains-why-ufc-hall-of-fame-induction-means-so-much-to-him-this- ist alles f\u00fcr mich?rand=96749<\/p>\n","protected":false},"excerpt":{"rendered":"<p>Jens Pulver hatte endlich seinen Frieden damit gefunden, nicht in der UFC Hall of Fame zu stehen. Obwohl der jetzt 48-j\u00e4hrige MMA-Pionier der erste Leichtgewichts-Champion der Promotion war, hatte er das Gef\u00fchl, dass vielleicht zu viel Zeit vergangen war, um dar\u00fcber nachzudenken. Pulver wollte sich auch nicht zu einem Platz in der UFC Hall of [&hellip;]<\/p>\n","protected":false},"author":1,"featured_media":358774,"comment_status":"","ping_status":"open","sticky":false,"template":"","format":"standard","meta":{"footnotes":""},"categories":[1213],"tags":[],"_links":{"self":[{"href":"https:\/\/wmmaa.org\/de\/wp-json\/wp\/v2\/posts\/358785"}],"collection":[{"href":"https:\/\/wmmaa.org\/de\/wp-json\/wp\/v2\/posts"}],"about":[{"href":"https:\/\/wmmaa.org\/de\/wp-json\/wp\/v2\/types\/post"}],"author":[{"embeddable":true,"href":"https:\/\/wmmaa.org\/de\/wp-json\/wp\/v2\/users\/1"}],"replies":[{"embeddable":true,"href":"https:\/\/wmmaa.org\/de\/wp-json\/wp\/v2\/comments?post=358785"}],"version-history":[{"count":0,"href":"https:\/\/wmmaa.org\/de\/wp-json\/wp\/v2\/posts\/358785\/revisions"}],"wp:featuredmedia":[{"embeddable":true,"href":"https:\/\/wmmaa.org\/de\/wp-json\/wp\/v2\/media\/358774"}],"wp:attachment":[{"href":"https:\/\/wmmaa.org\/de\/wp-json\/wp\/v2\/media?parent=358785"}],"wp:term":[{"taxonomy":"category","embeddable":true,"href":"https:\/\/wmmaa.org\/de\/wp-json\/wp\/v2\/categories?post=358785"},{"taxonomy":"post_tag","embeddable":true,"href":"https:\/\/wmmaa.org\/de\/wp-json\/wp\/v2\/tags?post=358785"}],"curies":[{"name":"wp","href":"https:\/\/api.w.org\/{rel}","templated":true}]}}