{"id":355013,"date":"2023-02-09T08:35:59","date_gmt":"2023-02-09T06:35:59","guid":{"rendered":"https:\/\/wmmaa.org\/ufc-prasident-klart-den-status-des-kampfes-zwischen-mcgregor-und-chandler\/"},"modified":"2023-02-09T08:35:59","modified_gmt":"2023-02-09T06:35:59","slug":"ufc-prasident-klart-den-status-des-kampfes-zwischen-mcgregor-und-chandler","status":"publish","type":"post","link":"https:\/\/wmmaa.org\/de\/ufc-prasident-klart-den-status-des-kampfes-zwischen-mcgregor-und-chandler\/","title":{"rendered":"UFC-Pr\u00e4sident kl\u00e4rt den Status des Kampfes zwischen McGregor und Chandler"},"content":{"rendered":"<div id=\"feat-img-reg\" class=\"relative\">\n <img decoding=\"async\" src=\"https:\/\/wmmaa.org\/wp-content\/uploads\/2023\/02\/41a4134dd80c149f5b6e5671a653f5f9_XL.jpg\" alt=\"UFC-Pr\u00e4sident kl\u00e4rt den Status des Kampfes zwischen McGregor und Chandler\"><\/div>\n<p><!-- Item introtext --><\/p>\n<div class=\"itemIntroText\">\n<p>Trotz fr\u00fcherer Berichte, dass der Kampf zwischen Conor McGregor und Michael Chandler im Weltergewicht stattfinden wird, werden die K\u00e4mpfer in der Leichtgewichtsklasse gegeneinander antreten.<\/p>\n<\/p>\n<\/div>\n<p><!--AdFox START--><\/p>\n<p><!--&#1055;&#1083;&#1086;&#1097;&#1072;&#1076;&#1082;&#1072;: FightTime.ru \/ * \/ *--><\/p>\n<p><!--&#1058;&#1080;&#1087; &#1073;&#1072;&#1085;&#1085;&#1077;&#1088;&#1072;: &#1044;&#1077;&#1089;&#1082;&#1090;&#1086;&#1087;\/&#1052;&#1086;&#1073;&#1080;&#1083;&#1100;&#1085;&#1099;&#1081; 728x90\/300x300--><\/p>\n<p><!--&#1056;&#1072;&#1089;&#1087;&#1086;&#1083;&#1086;&#1078;&#1077;&#1085;&#1080;&#1077;: &#1050;&#1086;&#1085;&#1090;&#1077;&#1085;&#1090; &#1087;&#1086;&#1089;&#1083;&#1077; &#1074;&#1089;&#1090;&#1091;&#1087;&#1083;&#1077;&#1085;&#1080;&#1103;--><\/p>\n<div id=\"adfox_167032076949914564\" class=\"yandex_rtb_wrapper\"><\/div>\n<p><!-- Item fulltext --><\/p>\n<div class=\"itemFullText\">\n<p>Dies wurde in einem Interview mit The Pat McAfee Show von UFC-Pr\u00e4sidentin Dana White bekannt gegeben.<\/p>\n<blockquote>\n<p>\u201eJa, es wird ein Leichtgewicht\u201c, sagte der Leiter der Organisation.<\/p>\n<\/blockquote>\n<p>White beantwortete auch die Frage, ob der Sieger dieser Konfrontation mit einer Titelchance rechnen kann.<\/p>\n<blockquote>\n<p>&#8222;Ich wei\u00df es noch nicht. Alles, was ich sagen kann, ist, dass Conor vs. Chandler den Leuten Spa\u00df machen wird. Es wird ein Beispiel f\u00fcr absolute Grausamkeit sein.&#8220;<\/p>\n<\/blockquote>\n<p>Letzte Woche wurden Conor McGregor und Michael Chandler offiziell zu den Trainern f\u00fcr die n\u00e4chste Staffel von The Ultimate Fighter ernannt, die bald mit den Dreharbeiten beginnen wird. Die Show wird vom 30. Mai bis 15. August im Fernsehen gezeigt, und der Kampf selbst soll angeblich f\u00fcr September angesetzt sein.<\/p>\n<p>Am Tag zuvor gab es Informationen, dass im Rahmen der 31. Saison der TUF K\u00e4mpfer, die bereits in der st\u00e4rksten Liga der Welt spielten, diese aber aus verschiedenen Gr\u00fcnden verlassen haben, und Newcomer, die ihr Talent in der UFC zeigen wollen, antreten werden . Vertreter der Organisation haben noch keine offiziellen Erkl\u00e4rungen zu dieser Angelegenheit abgegeben.<\/p>\n<\/p>\n<\/div>\n<p><!--post-tags--><\/p>\n<p>Quelle: https:\/\/fighttime.ru\/news\/item\/30734-prezident-ufc-proyasnil-status-boya-makgregora-i-chendlera.html?rand=19907<\/p>\n","protected":false},"excerpt":{"rendered":"<p>Trotz fr\u00fcherer Berichte, dass der Kampf zwischen Conor McGregor und Michael Chandler im Weltergewicht stattfinden wird, werden die K\u00e4mpfer in der Leichtgewichtsklasse gegeneinander antreten. Dies wurde in einem Interview mit The Pat McAfee Show von UFC-Pr\u00e4sidentin Dana White bekannt gegeben. \u201eJa, es wird ein Leichtgewicht\u201c, sagte der Leiter der Organisation. White beantwortete auch die Frage, [&hellip;]<\/p>\n","protected":false},"author":1,"featured_media":354996,"comment_status":"","ping_status":"open","sticky":false,"template":"","format":"standard","meta":{"footnotes":""},"categories":[1213],"tags":[33,1337,1604],"_links":{"self":[{"href":"https:\/\/wmmaa.org\/de\/wp-json\/wp\/v2\/posts\/355013"}],"collection":[{"href":"https:\/\/wmmaa.org\/de\/wp-json\/wp\/v2\/posts"}],"about":[{"href":"https:\/\/wmmaa.org\/de\/wp-json\/wp\/v2\/types\/post"}],"author":[{"embeddable":true,"href":"https:\/\/wmmaa.org\/de\/wp-json\/wp\/v2\/users\/1"}],"replies":[{"embeddable":true,"href":"https:\/\/wmmaa.org\/de\/wp-json\/wp\/v2\/comments?post=355013"}],"version-history":[{"count":0,"href":"https:\/\/wmmaa.org\/de\/wp-json\/wp\/v2\/posts\/355013\/revisions"}],"wp:featuredmedia":[{"embeddable":true,"href":"https:\/\/wmmaa.org\/de\/wp-json\/wp\/v2\/media\/354996"}],"wp:attachment":[{"href":"https:\/\/wmmaa.org\/de\/wp-json\/wp\/v2\/media?parent=355013"}],"wp:term":[{"taxonomy":"category","embeddable":true,"href":"https:\/\/wmmaa.org\/de\/wp-json\/wp\/v2\/categories?post=355013"},{"taxonomy":"post_tag","embeddable":true,"href":"https:\/\/wmmaa.org\/de\/wp-json\/wp\/v2\/tags?post=355013"}],"curies":[{"name":"wp","href":"https:\/\/api.w.org\/{rel}","templated":true}]}}