{"id":352262,"date":"2023-02-05T08:24:58","date_gmt":"2023-02-05T06:24:58","guid":{"rendered":"https:\/\/wmmaa.org\/fedor-emelianenko-vs-ryan-bader-2-video-highlights-des-kompletten-kampfes\/"},"modified":"2023-02-05T08:24:58","modified_gmt":"2023-02-05T06:24:58","slug":"fedor-emelianenko-vs-ryan-bader-2-video-highlights-des-kompletten-kampfes","status":"publish","type":"post","link":"https:\/\/wmmaa.org\/de\/fedor-emelianenko-vs-ryan-bader-2-video-highlights-des-kompletten-kampfes\/","title":{"rendered":"Fedor Emelianenko vs. Ryan Bader 2 Video-Highlights des kompletten Kampfes"},"content":{"rendered":"<p>Sehen Sie sich Fedor Emelianenko vs. Ryan Bader 2 als Video-Highlights des gesamten Kampfes von der Hauptkarte von Bellator 290 an, mit freundlicher Genehmigung von CBS und anderen Verkaufsstellen. <\/p>\n<p>Bellator 290: Fedor vs. Bader 2 fand am 4. Februar im Forum in Inglewood, Kalifornien, statt. Fedor Emelianenko (40-7, 1 NC) traf im Main Event auf Bellator-Schwergewichts-Champion Ryan Bader (31-7, 1 NC). . Der Kampf wurde live auf CBS \u00fcbertragen. <\/p>\n<p>Sehen Sie sich die Video-Highlights unten an. <\/p>\n<div>\n<blockquote class=\"twitter-tweet\">\n<p lang=\"en\" dir=\"ltr\">\n<p>Champion im Schwergewicht <a rel=\"nofollow noopener\" target=\"_blank\" href=\"https:\/\/twitter.com\/ryanbader?ref_src=twsrc%5Etfw\">@RyanBader<\/a> wird der erste Mann, der Fedor zweimal besiegt. <\/p>\n<p><a rel=\"nofollow noopener\" target=\"_blank\" href=\"https:\/\/twitter.com\/hashtag\/Bellator290?src=hash&amp;ref_src=twsrc%5Etfw\">#Bella290<\/a> | &amp; + | LEBE JETZT <a rel=\"nofollow noopener\" target=\"_blank\" href=\"https:\/\/t.co\/Ui7BUBE0L6\">pic.twitter.com\/Ui7BUBE0L6<\/a><\/p>\n<p>&#8212; BellatorMMA (@BellatorMMA) <a rel=\"nofollow noopener\" target=\"_blank\" href=\"https:\/\/twitter.com\/BellatorMMA\/status\/1622082853683986435?ref_src=twsrc%5Etfw\">5. Februar 2023<\/a>\n<\/p>\n<\/blockquote>\n<\/div>\n<div>\n<blockquote class=\"twitter-tweet\">\n<p lang=\"en\" dir=\"ltr\"><a rel=\"nofollow noopener\" target=\"_blank\" href=\"https:\/\/twitter.com\/hashtag\/ThankYouFedor?src=hash&amp;ref_src=twsrc%5Etfw\">#DankeFedor<\/a> <\/p>\n<p><a rel=\"nofollow noopener\" target=\"_blank\" href=\"https:\/\/twitter.com\/hashtag\/Bellator290?src=hash&amp;ref_src=twsrc%5Etfw\">#Bella290<\/a> | &amp; + | LEBE JETZT <a rel=\"nofollow noopener\" target=\"_blank\" href=\"https:\/\/t.co\/OZf9iwNEBk\">pic.twitter.com\/OZf9iwNEBk<\/a><\/p>\n<p>&#8212; BellatorMMA (@BellatorMMA) <a rel=\"nofollow noopener\" target=\"_blank\" href=\"https:\/\/twitter.com\/BellatorMMA\/status\/1622085190033055744?ref_src=twsrc%5Etfw\">5. Februar 2023<\/a>\n<\/p>\n<\/blockquote>\n<\/div>\n<div>\n<blockquote class=\"twitter-tweet\">\n<p lang=\"en\" dir=\"ltr\">Nichts als Respekt ab <a rel=\"nofollow noopener\" target=\"_blank\" href=\"https:\/\/twitter.com\/ryanbader?ref_src=twsrc%5Etfw\">@RyanBader<\/a>! <\/p>\n<p><a rel=\"nofollow noopener\" target=\"_blank\" href=\"https:\/\/twitter.com\/hashtag\/Bellator290?src=hash&amp;ref_src=twsrc%5Etfw\">#Bella290<\/a> | &amp; + | LEBE JETZT <a rel=\"nofollow noopener\" target=\"_blank\" href=\"https:\/\/t.co\/eFP7mck20I\">pic.twitter.com\/eFP7mck20I<\/a><\/p>\n<p>&#8212; BellatorMMA (@BellatorMMA) <a rel=\"nofollow noopener\" target=\"_blank\" href=\"https:\/\/twitter.com\/BellatorMMA\/status\/1622083539238805507?ref_src=twsrc%5Etfw\">5. Februar 2023<\/a>\n<\/p>\n<\/blockquote>\n<\/div>\n<div>\n<blockquote class=\"twitter-tweet\">\n<p lang=\"en\" dir=\"ltr\">Legenden sind nie tot, unabh\u00e4ngig davon <\/p>\n<p>. Was f\u00fcr eine erstaunliche Karriere hatte Fedor. <\/p>\n<p><a rel=\"nofollow noopener\" target=\"_blank\" href=\"https:\/\/twitter.com\/hashtag\/Bellator290?src=hash&amp;ref_src=twsrc%5Etfw\">#Bella290<\/a> | &amp; + | LEBE JETZT <a rel=\"nofollow noopener\" target=\"_blank\" href=\"https:\/\/t.co\/oyPhFcAoph\">pic.twitter.com\/oyPhFcAoph<\/a><\/p>\n<p>&#8212; BellatorMMA (@BellatorMMA) <a rel=\"nofollow noopener\" target=\"_blank\" href=\"https:\/\/twitter.com\/BellatorMMA\/status\/1622083128876568576?ref_src=twsrc%5Etfw\">5. Februar 2023<\/a>\n<\/p>\n<\/blockquote>\n<\/div>\n<div>\n<blockquote class=\"twitter-tweet\">\n<p lang=\"en\" dir=\"ltr\">Der letzte Spaziergang des letzten Kaisers! <\/p>\n<p>Stimmen Sie sich ein <a rel=\"nofollow noopener\" target=\"_blank\" href=\"https:\/\/twitter.com\/CBS?ref_src=twsrc%5Etfw\">@CBS<\/a> Und <a rel=\"nofollow noopener\" target=\"_blank\" href=\"https:\/\/twitter.com\/paramountplus?ref_src=twsrc%5Etfw\">@paramountplus<\/a> JETZT. <a rel=\"nofollow noopener\" target=\"_blank\" href=\"https:\/\/twitter.com\/hashtag\/Bellator290?src=hash&amp;ref_src=twsrc%5Etfw\">#Bella290<\/a> <a rel=\"nofollow noopener\" target=\"_blank\" href=\"https:\/\/twitter.com\/hashtag\/Bellator?src=hash&amp;ref_src=twsrc%5Etfw\">#Bella<\/a> <a rel=\"nofollow noopener\" target=\"_blank\" href=\"https:\/\/twitter.com\/hashtag\/MMA?src=hash&amp;ref_src=twsrc%5Etfw\">#MMA<\/a> <a rel=\"nofollow noopener\" target=\"_blank\" href=\"https:\/\/twitter.com\/BellatorMMA?ref_src=twsrc%5Etfw\">@ BellatorMMA<\/a> <a rel=\"nofollow noopener\" target=\"_blank\" href=\"https:\/\/twitter.com\/CBSSports?ref_src=twsrc%5Etfw\">@CBSSports<\/a> <a rel=\"nofollow noopener\" target=\"_blank\" href=\"https:\/\/t.co\/YkqNP2p3zL\">pic.twitter.com\/YkqNP2p3zL<\/a><\/p>\n<p>&#8212; SHOWTIME SPORTS (@SHOsports) <a rel=\"nofollow noopener\" target=\"_blank\" href=\"https:\/\/twitter.com\/SHOsports\/status\/1622080889437163521?ref_src=twsrc%5Etfw\">5. Februar 2023<\/a>\n<\/p>\n<\/blockquote>\n<\/div>\n<div>\n<blockquote class=\"twitter-tweet\">\n<p lang=\"en\" dir=\"ltr\">Der Champion ist bereit <a rel=\"nofollow noopener\" target=\"_blank\" href=\"https:\/\/twitter.com\/hashtag\/Bellator290?src=hash&amp;ref_src=twsrc%5Etfw\">#Bella290<\/a> ist LIVE an <a rel=\"nofollow noopener\" target=\"_blank\" href=\"https:\/\/twitter.com\/CBS?ref_src=twsrc%5Etfw\">@CBS<\/a> Und <a rel=\"nofollow noopener\" target=\"_blank\" href=\"https:\/\/twitter.com\/paramountplus?ref_src=twsrc%5Etfw\">@paramountplus<\/a>. <a rel=\"nofollow noopener\" target=\"_blank\" href=\"https:\/\/t.co\/L2JwcDNIqc\">pic.twitter.com\/L2JwcDNIqc<\/a><\/p>\n<p>&#8212; SHOWTIME SPORTS (@SHOsports) <a rel=\"nofollow noopener\" target=\"_blank\" href=\"https:\/\/twitter.com\/SHOsports\/status\/1622059307419439104?ref_src=twsrc%5Etfw\">5. Februar 2023<\/a>\n<\/p>\n<\/blockquote>\n<\/div>\n<div>\n<blockquote class=\"twitter-tweet\">\n<p lang=\"en\" dir=\"ltr\">Das ist hier! <\/p>\n<p>Der <a rel=\"nofollow noopener\" target=\"_blank\" href=\"https:\/\/twitter.com\/MonsterEnergy?ref_src=twsrc%5Etfw\">@Monsterenergie<\/a> Prelims, angeheizt von <a rel=\"nofollow noopener\" target=\"_blank\" href=\"https:\/\/twitter.com\/NorthgateGlzMrk?ref_src=twsrc%5Etfw\">@NorthgateGlzMrk<\/a> sind JETZT LIVE auf dem YouTube-Kanal von Bellator. <\/p>\n<p><a rel=\"nofollow noopener\" target=\"_blank\" href=\"https:\/\/twitter.com\/hashtag\/Bellator290?src=hash&amp;ref_src=twsrc%5Etfw\">#Bella290<\/a> | <a rel=\"nofollow noopener\" target=\"_blank\" href=\"https:\/\/twitter.com\/CBS?ref_src=twsrc%5Etfw\">@CBS<\/a> &amp; <a rel=\"nofollow noopener\" target=\"_blank\" href=\"https:\/\/twitter.com\/paramountplus?ref_src=twsrc%5Etfw\">@ParamountPlus<\/a> | 21 Uhr ET \/ 18 Uhr PT <a rel=\"nofollow noopener\" target=\"_blank\" href=\"https:\/\/t.co\/wDMQVYGuVN\">pic.twitter.com\/wDMQVYGuVN<\/a><\/p>\n<p>&#8212; BellatorMMA (@BellatorMMA) <a rel=\"nofollow noopener\" target=\"_blank\" href=\"https:\/\/twitter.com\/BellatorMMA\/status\/1622039777548853248?ref_src=twsrc%5Etfw\">5. Februar 2023<\/a>\n<\/p>\n<\/blockquote>\n<\/div>\n<p>Weitere Informationen zu Fedor vs. Bader 2 finden Sie im Live-Blog von Jed Meshew von MMA Fighting. <\/p>\n<p>Runde 1<\/p>\n<p>Fedor ist in seinem h\u00fcpfenden, orthodoxen Stil zu sehen. Bader wird ebenfalls im orthodoxen Stil gezeigt, aber mit einer ruckartigen Bewegung. <\/p>\n<p>Fedor versucht es gleich fr\u00fch mit einer F\u00fchrung. Bader bekommt ein Right und Fedor nimmt es runter. Bader macht Druck. <\/p>\n<p>Fedor frisst einen linken Haken, der die Nase blutet. <\/p>\n<p>Sie geraten in eine Verlobung und Bader erzielt einen erstaunlichen Aufw\u00e4rtshaken gegen Fedor! Sie schwingen wild zusammen! Fedor wird erneut von Bader eingefangen und f\u00e4llt zu Boden. Fedor ist immer noch da, aber Bader verfolgt ihn. Er ist jetzt in der Wache und versucht, Ellbogen zu bekommen. <\/p>\n<p>Fedor versucht sich zu verteidigen und zu erholen. Bader erzielt einige gro\u00dfartige Sch\u00fcsse und ist jetzt auf halber Wache. Bader wird auf ein paar Hammerf\u00e4uste geh\u00e4mmert und Fedor k\u00fcmmert sich um den Rest! Bader h\u00e4lt sich an seinem Hintern fest und entfernt sich. Fedor versucht sich zu bewegen, kann es aber aufgrund st\u00e4rkerer Sch\u00fcsse von Bader nicht! Fedor dr\u00e4ngt ihn weiter und Herb Dean greift ein. <\/p>\n<p>Leider vorhersehbar. <\/p>\n<blockquote>\n<\/blockquote>\n<p>Quelle: https:\/\/www.mmafighting.com\/2023\/2\/4\/23586235\/fedor-emelianenko-vs-ryan-bader-2-full-fight-video-highlights-bellator-290?rand=96749<\/p>\n","protected":false},"excerpt":{"rendered":"<p>Sehen Sie sich Fedor Emelianenko vs. Ryan Bader 2 als Video-Highlights des gesamten Kampfes von der Hauptkarte von Bellator 290 an, mit freundlicher Genehmigung von CBS und anderen Verkaufsstellen. Bellator 290: Fedor vs. Bader 2 fand am 4. Februar im Forum in Inglewood, Kalifornien, statt. Fedor Emelianenko (40-7, 1 NC) traf im Main Event auf [&hellip;]<\/p>\n","protected":false},"author":1,"featured_media":352237,"comment_status":"","ping_status":"open","sticky":false,"template":"","format":"standard","meta":{"footnotes":""},"categories":[1213],"tags":[],"_links":{"self":[{"href":"https:\/\/wmmaa.org\/de\/wp-json\/wp\/v2\/posts\/352262"}],"collection":[{"href":"https:\/\/wmmaa.org\/de\/wp-json\/wp\/v2\/posts"}],"about":[{"href":"https:\/\/wmmaa.org\/de\/wp-json\/wp\/v2\/types\/post"}],"author":[{"embeddable":true,"href":"https:\/\/wmmaa.org\/de\/wp-json\/wp\/v2\/users\/1"}],"replies":[{"embeddable":true,"href":"https:\/\/wmmaa.org\/de\/wp-json\/wp\/v2\/comments?post=352262"}],"version-history":[{"count":0,"href":"https:\/\/wmmaa.org\/de\/wp-json\/wp\/v2\/posts\/352262\/revisions"}],"wp:featuredmedia":[{"embeddable":true,"href":"https:\/\/wmmaa.org\/de\/wp-json\/wp\/v2\/media\/352237"}],"wp:attachment":[{"href":"https:\/\/wmmaa.org\/de\/wp-json\/wp\/v2\/media?parent=352262"}],"wp:term":[{"taxonomy":"category","embeddable":true,"href":"https:\/\/wmmaa.org\/de\/wp-json\/wp\/v2\/categories?post=352262"},{"taxonomy":"post_tag","embeddable":true,"href":"https:\/\/wmmaa.org\/de\/wp-json\/wp\/v2\/tags?post=352262"}],"curies":[{"name":"wp","href":"https:\/\/api.w.org\/{rel}","templated":true}]}}