{"id":349577,"date":"2023-02-01T12:25:15","date_gmt":"2023-02-01T10:25:15","guid":{"rendered":"https:\/\/wmmaa.org\/als-ich-bei-pride-gekampft-habe-war-die-ufc-nicht-da-antwortete-emelianenko-dem-ufc-prasidenten\/"},"modified":"2023-02-01T12:25:15","modified_gmt":"2023-02-01T10:25:15","slug":"als-ich-bei-pride-gekampft-habe-war-die-ufc-nicht-da-antwortete-emelianenko-dem-ufc-prasidenten","status":"publish","type":"post","link":"https:\/\/wmmaa.org\/de\/als-ich-bei-pride-gekampft-habe-war-die-ufc-nicht-da-antwortete-emelianenko-dem-ufc-prasidenten\/","title":{"rendered":"\u201eAls ich bei PRIDE gek\u00e4mpft habe, war die UFC nicht da\u201c, antwortete Emelianenko dem UFC-Pr\u00e4sidenten"},"content":{"rendered":"<div id=\"feat-img-reg\" class=\"relative\">\n <img decoding=\"async\" src=\"https:\/\/wmmaa.org\/wp-content\/uploads\/2023\/02\/12f7cc1659d76e183c084dd5ff6c2811_XL.jpg\" alt=\"\u201eAls ich bei PRIDE gek\u00e4mpft habe, war die UFC nicht da\u201c, antwortete Emelianenko dem UFC-Pr\u00e4sidenten\"><\/div>\n<p><!-- Item introtext --><\/p>\n<div class=\"itemIntroText\">\n<p>Der Schwergewichts-Anw\u00e4rter von Bellator, Fedor Emelianenko, reagierte darauf, dass UFC-Pr\u00e4sident Dan White ihn und Francis Ngannou als die einzigen K\u00e4mpfer bezeichnete, mit denen die h\u00f6chste Liga der Welt keinen Deal machen konnte.<\/p>\n<\/p>\n<\/div>\n<p><!--AdFox START--><\/p>\n<p><!--&#1055;&#1083;&#1086;&#1097;&#1072;&#1076;&#1082;&#1072;: FightTime.ru \/ * \/ *--><\/p>\n<p><!--&#1058;&#1080;&#1087; &#1073;&#1072;&#1085;&#1085;&#1077;&#1088;&#1072;: &#1044;&#1077;&#1089;&#1082;&#1090;&#1086;&#1087;\/&#1052;&#1086;&#1073;&#1080;&#1083;&#1100;&#1085;&#1099;&#1081; 728x90\/300x300--><\/p>\n<p><!--&#1056;&#1072;&#1089;&#1087;&#1086;&#1083;&#1086;&#1078;&#1077;&#1085;&#1080;&#1077;: &#1050;&#1086;&#1085;&#1090;&#1077;&#1085;&#1090; &#1087;&#1086;&#1089;&#1083;&#1077; &#1074;&#1089;&#1090;&#1091;&#1087;&#1083;&#1077;&#1085;&#1080;&#1103;--><\/p>\n<div id=\"adfox_167032076949914564\" class=\"yandex_rtb_wrapper\"><\/div>\n<p><!-- Item fulltext --><\/p>\n<div class=\"itemFullText\">\n<blockquote>\n<p>\u201eWenn Dana White wollte, w\u00fcrde er sowohl Fedor Emelianenko als auch Francis Ngannou unter Vertrag nehmen\u201c, sagte der legend\u00e4re russische Schwergewichtler in einem Interview. <a rel=\"nofollow noopener\" target=\"_blank\" href=\"https:\/\/www.youtube.com\/watch?v=9LNjW688IAE\">Octagon TV Inc<\/a>. \u201eAber damals hat sich Dana White bescheidener verhalten, nicht so wie heute. Jetzt erlaubt sich ein Mensch alles vollst\u00e4ndig.<\/p>\n<p>\u201eGott sei Dank habe ich damals nicht bei der UFC unterschrieben. Ich habe viele Male mit UFC-Champions gek\u00e4mpft, ich habe gewonnen \u2013 als ich in PRIDE gek\u00e4mpft habe, war die UFC nicht da.<\/p>\n<\/blockquote>\n<p>Denken Sie daran, dass der 46-j\u00e4hrige Fedor Emelianenko bereits an diesem Wochenende beim Bellator 290 in Inglewood seine Profikarriere mit einem Kampf gegen Ryan Bader beenden wird, in dem der Amerikaner den Bellator-Schwergewichts-Meisterschaftsg\u00fcrtel verteidigen wird.<\/p>\n<\/p>\n<\/div>\n<p><!--post-tags--><\/p>\n<p>Quelle: https:\/\/fighttime.ru\/news\/item\/30666-kogda-bilsya-v-pride-ufc-ryadom-ne-stoyalo-emelyanenko-otvetil-prezidentu-ufc.html?rand=19907<\/p>\n","protected":false},"excerpt":{"rendered":"<p>Der Schwergewichts-Anw\u00e4rter von Bellator, Fedor Emelianenko, reagierte darauf, dass UFC-Pr\u00e4sident Dan White ihn und Francis Ngannou als die einzigen K\u00e4mpfer bezeichnete, mit denen die h\u00f6chste Liga der Welt keinen Deal machen konnte. \u201eWenn Dana White wollte, w\u00fcrde er sowohl Fedor Emelianenko als auch Francis Ngannou unter Vertrag nehmen\u201c, sagte der legend\u00e4re russische Schwergewichtler in einem [&hellip;]<\/p>\n","protected":false},"author":1,"featured_media":349564,"comment_status":"","ping_status":"open","sticky":false,"template":"","format":"standard","meta":{"footnotes":""},"categories":[1213],"tags":[1337,259,1290,273],"_links":{"self":[{"href":"https:\/\/wmmaa.org\/de\/wp-json\/wp\/v2\/posts\/349577"}],"collection":[{"href":"https:\/\/wmmaa.org\/de\/wp-json\/wp\/v2\/posts"}],"about":[{"href":"https:\/\/wmmaa.org\/de\/wp-json\/wp\/v2\/types\/post"}],"author":[{"embeddable":true,"href":"https:\/\/wmmaa.org\/de\/wp-json\/wp\/v2\/users\/1"}],"replies":[{"embeddable":true,"href":"https:\/\/wmmaa.org\/de\/wp-json\/wp\/v2\/comments?post=349577"}],"version-history":[{"count":0,"href":"https:\/\/wmmaa.org\/de\/wp-json\/wp\/v2\/posts\/349577\/revisions"}],"wp:featuredmedia":[{"embeddable":true,"href":"https:\/\/wmmaa.org\/de\/wp-json\/wp\/v2\/media\/349564"}],"wp:attachment":[{"href":"https:\/\/wmmaa.org\/de\/wp-json\/wp\/v2\/media?parent=349577"}],"wp:term":[{"taxonomy":"category","embeddable":true,"href":"https:\/\/wmmaa.org\/de\/wp-json\/wp\/v2\/categories?post=349577"},{"taxonomy":"post_tag","embeddable":true,"href":"https:\/\/wmmaa.org\/de\/wp-json\/wp\/v2\/tags?post=349577"}],"curies":[{"name":"wp","href":"https:\/\/api.w.org\/{rel}","templated":true}]}}