{"id":348554,"date":"2023-01-31T00:13:53","date_gmt":"2023-01-30T22:13:53","guid":{"rendered":"https:\/\/wmmaa.org\/wie-zu-zeiten-von-mike-tyson-de-la-hoya-mit-zwei-handen-fur-fury-ngannou-kampf\/"},"modified":"2023-01-31T00:13:53","modified_gmt":"2023-01-30T22:13:53","slug":"wie-zu-zeiten-von-mike-tyson-de-la-hoya-mit-zwei-handen-fur-fury-ngannou-kampf","status":"publish","type":"post","link":"https:\/\/wmmaa.org\/de\/wie-zu-zeiten-von-mike-tyson-de-la-hoya-mit-zwei-handen-fur-fury-ngannou-kampf\/","title":{"rendered":"Wie zu Zeiten von Mike Tyson. De La Hoya mit zwei H\u00e4nden f\u00fcr Fury-Ngannou-Kampf"},"content":{"rendered":"<p><img decoding=\"async\" src=\"https:\/\/wmmaa.org\/wp-content\/uploads\/2023\/01\/b64bd8db624dd95fe2fc0f8599931093.png\" alt=\"\"><\/p>\n<div>\n<p> Boxlegende Oscar De La Hoya unterst\u00fctzt nachdr\u00fccklich die Idee eines Duells zwischen Boxweltmeister Tyson Fury und MMA-Star Francis Ngannou, glaubt aber nicht, dass es sich um einen Wettkampf handelt.\n<\/p>\n<p> Zur Erinnerung, neulich sagte Ngannou, dass er bereits Vorverhandlungen mit den Vertretern von Fury \u00fcber den Kampf aufgenommen habe, der diesen Sommer stattfinden k\u00f6nnte.\n<\/p>\n<p> \u201eIch denke, ein K\u00e4mpfer wie Ngannou kann ein paar Runden \u00fcberstehen, wenn wir \u00fcber einen Boxring sprechen\u201c, sagt Oscar. \u201eAber vergessen wir nicht, dass Tyson Fury mit dem Boxen aufgewachsen ist. Das ist sein Sport. Und er hat einen gro\u00dfen Vorteil. Wenn wir von einer Zelle sprechen w\u00fcrden, dann w\u00e4re das eine ganz andere Geschichte. Ngannou h\u00e4tte ihn niedergeschlagen, ihn von den F\u00fc\u00dfen getreten und ihn in 30 Sekunden bewusstlos geschlagen. Das sind v\u00f6llig unterschiedliche Sportarten.&#8220;\n<\/p>\n<p> \u201eIhr Kampf wird jedoch ein gro\u00dfes Ereignis und sowohl f\u00fcr das Boxen als auch f\u00fcr MMA sehr n\u00fctzlich sein\u201c, sagte De La Hoya. \u201eEs wird ein Megafight, \u00e4hnlich einer Veranstaltung, an der Mike Tyson in seiner Bl\u00fctezeit beteiligt war. All der Hype, der mit gro\u00dfen Events und K\u00e4mpfen einhergeht, wird hier sein. Es w\u00fcrde ein riesiger Kampf werden.&#8220;\n<\/p>\n<p> Neulich reagierte Ngannou auch auf Furys Herausforderung.\n<\/p>\n<p>\n <i><span>Eine Quelle: <\/span><\/i><br \/>\n <a rel=\"nofollow noopener\" target=\"_blank\" href=\"https:\/\/www.youtube.com\/watch?v=j6OG1Wp3Rss\"><i><span>MMA-Stunde<\/span><\/i><\/a><\/p>\n<\/p>\n<\/div>\n<p>Quelle: https:\/\/vringe.com\/news\/162286-de-la-khoyya-za-boy-fyuri-ngannu.htm?rand=141343<\/p>\n","protected":false},"excerpt":{"rendered":"<p>Boxlegende Oscar De La Hoya unterst\u00fctzt nachdr\u00fccklich die Idee eines Duells zwischen Boxweltmeister Tyson Fury und MMA-Star Francis Ngannou, glaubt aber nicht, dass es sich um einen Wettkampf handelt. Zur Erinnerung, neulich sagte Ngannou, dass er bereits Vorverhandlungen mit den Vertretern von Fury \u00fcber den Kampf aufgenommen habe, der diesen Sommer stattfinden k\u00f6nnte. \u201eIch denke, [&hellip;]<\/p>\n","protected":false},"author":1,"featured_media":348540,"comment_status":"","ping_status":"open","sticky":false,"template":"","format":"standard","meta":{"footnotes":""},"categories":[1213],"tags":[],"_links":{"self":[{"href":"https:\/\/wmmaa.org\/de\/wp-json\/wp\/v2\/posts\/348554"}],"collection":[{"href":"https:\/\/wmmaa.org\/de\/wp-json\/wp\/v2\/posts"}],"about":[{"href":"https:\/\/wmmaa.org\/de\/wp-json\/wp\/v2\/types\/post"}],"author":[{"embeddable":true,"href":"https:\/\/wmmaa.org\/de\/wp-json\/wp\/v2\/users\/1"}],"replies":[{"embeddable":true,"href":"https:\/\/wmmaa.org\/de\/wp-json\/wp\/v2\/comments?post=348554"}],"version-history":[{"count":0,"href":"https:\/\/wmmaa.org\/de\/wp-json\/wp\/v2\/posts\/348554\/revisions"}],"wp:featuredmedia":[{"embeddable":true,"href":"https:\/\/wmmaa.org\/de\/wp-json\/wp\/v2\/media\/348540"}],"wp:attachment":[{"href":"https:\/\/wmmaa.org\/de\/wp-json\/wp\/v2\/media?parent=348554"}],"wp:term":[{"taxonomy":"category","embeddable":true,"href":"https:\/\/wmmaa.org\/de\/wp-json\/wp\/v2\/categories?post=348554"},{"taxonomy":"post_tag","embeddable":true,"href":"https:\/\/wmmaa.org\/de\/wp-json\/wp\/v2\/tags?post=348554"}],"curies":[{"name":"wp","href":"https:\/\/api.w.org\/{rel}","templated":true}]}}