{"id":347669,"date":"2023-01-29T12:37:53","date_gmt":"2023-01-29T10:37:53","guid":{"rendered":"https:\/\/wmmaa.org\/francis-ngannou-gibt-den-zeitpunkt-des-kampfes-mit-tyson-fury-bekannt\/"},"modified":"2023-01-29T12:37:53","modified_gmt":"2023-01-29T10:37:53","slug":"francis-ngannou-gibt-den-zeitpunkt-des-kampfes-mit-tyson-fury-bekannt","status":"publish","type":"post","link":"https:\/\/wmmaa.org\/de\/francis-ngannou-gibt-den-zeitpunkt-des-kampfes-mit-tyson-fury-bekannt\/","title":{"rendered":"Francis Ngannou gibt den Zeitpunkt des Kampfes mit Tyson Fury bekannt"},"content":{"rendered":"<div id=\"feat-img-reg\" class=\"relative\">\n <img decoding=\"async\" src=\"https:\/\/wmmaa.org\/wp-content\/uploads\/2023\/01\/0b807dd3bd8170ef867e4dabf669979e_XL.jpg\" alt=\"Francis Ngannou gibt den Zeitpunkt des Kampfes mit Tyson Fury bekannt\"><\/div>\n<p><!-- Item introtext --><\/p>\n<div class=\"itemIntroText\">\n<p>Der fr\u00fchere UFC-Schwergewichts-Champion Francis Ngannou hofft, dass er einen Vertrag unterzeichnen kann, um gegen Tyson Fury zu k\u00e4mpfen, bevor der Brite Oleksandr Usyks Vereinigungskampf \u00fcbernimmt.<\/p>\n<\/p>\n<\/div>\n<p><!--AdFox START--><\/p>\n<p><!--&#1055;&#1083;&#1086;&#1097;&#1072;&#1076;&#1082;&#1072;: FightTime.ru \/ * \/ *--><\/p>\n<p><!--&#1058;&#1080;&#1087; &#1073;&#1072;&#1085;&#1085;&#1077;&#1088;&#1072;: &#1044;&#1077;&#1089;&#1082;&#1090;&#1086;&#1087;\/&#1052;&#1086;&#1073;&#1080;&#1083;&#1100;&#1085;&#1099;&#1081; 728x90\/300x300--><\/p>\n<p><!--&#1056;&#1072;&#1089;&#1087;&#1086;&#1083;&#1086;&#1078;&#1077;&#1085;&#1080;&#1077;: &#1050;&#1086;&#1085;&#1090;&#1077;&#1085;&#1090; &#1087;&#1086;&#1089;&#1083;&#1077; &#1074;&#1089;&#1090;&#1091;&#1087;&#1083;&#1077;&#1085;&#1080;&#1103;--><\/p>\n<div id=\"adfox_167032076949914564\" class=\"yandex_rtb_wrapper\"><\/div>\n<p><!-- Item fulltext --><\/p>\n<div class=\"itemFullText\">\n<blockquote>\n<p>\u201eIch war mit den Vertretern von Tyson Fury in Kontakt, aber sie arbeiten derzeit an einem Kampf gegen Oleksandr Usyk, der f\u00fcr April geplant ist\u201c, sagte der kamerunische Schwergewichtler gegen\u00fcber TMZ Sports. \u201eBis dahin wird er nicht frei sein. Ich versuche jedoch zu sehen, ob wir vor diesem Kampf eine Einigung erzielen k\u00f6nnen.&#8220;<\/p>\n<\/blockquote>\n<p>Laut Predator erwartet er, den Ring diesen Sommer mit dem Zigeunerk\u00f6nig zu teilen.<\/p>\n<blockquote>\n<p>\u201eDas gibt mir die M\u00f6glichkeit, mich auf den Boxkampf vorzubereiten. Ich habe also keine Terminprobleme und hoffe, im Juni oder Juli gegen Fury k\u00e4mpfen zu k\u00f6nnen, was machbar ist. Mal sehen, was dabei herauskommt. Es ist noch zu fr\u00fch, um etwas dar\u00fcber zu sagen, aber es ist eine M\u00f6glichkeit, die wir untersuchen.&#8220;<\/p>\n<\/blockquote>\n<p>Vor zwei Wochen best\u00e4tigte UFC-Pr\u00e4sidentin Dana White offiziell, dass Francis Ngannou die Organisation verlassen und den UFC-Schwergewichts-Meisterschaftsg\u00fcrtel ger\u00e4umt hatte.<\/p>\n<p>Gleichzeitig sagte der zum Free Agent aufgestiegene Kameruner, er wolle seinen n\u00e4chsten Kampf nach den Regeln des Boxens gegen Tyson Fury, Deontay Wilder oder Anthony Joshua austragen und dann zu Mixed Martial Arts zur\u00fcckkehren.<\/p>\n<\/p>\n<\/div>\n<p><!--post-tags--><\/p>\n<p>Quelle: https:\/\/fighttime.ru\/news\/item\/30639-frensis-ngannu-nazval-sroki-boya-s-tajsonom-fyuri.html?rand=19907<\/p>\n","protected":false},"excerpt":{"rendered":"<p>Der fr\u00fchere UFC-Schwergewichts-Champion Francis Ngannou hofft, dass er einen Vertrag unterzeichnen kann, um gegen Tyson Fury zu k\u00e4mpfen, bevor der Brite Oleksandr Usyks Vereinigungskampf \u00fcbernimmt. \u201eIch war mit den Vertretern von Tyson Fury in Kontakt, aber sie arbeiten derzeit an einem Kampf gegen Oleksandr Usyk, der f\u00fcr April geplant ist\u201c, sagte der kamerunische Schwergewichtler gegen\u00fcber [&hellip;]<\/p>\n","protected":false},"author":1,"featured_media":347660,"comment_status":"","ping_status":"open","sticky":false,"template":"","format":"standard","meta":{"footnotes":""},"categories":[1213],"tags":[1290,141],"_links":{"self":[{"href":"https:\/\/wmmaa.org\/de\/wp-json\/wp\/v2\/posts\/347669"}],"collection":[{"href":"https:\/\/wmmaa.org\/de\/wp-json\/wp\/v2\/posts"}],"about":[{"href":"https:\/\/wmmaa.org\/de\/wp-json\/wp\/v2\/types\/post"}],"author":[{"embeddable":true,"href":"https:\/\/wmmaa.org\/de\/wp-json\/wp\/v2\/users\/1"}],"replies":[{"embeddable":true,"href":"https:\/\/wmmaa.org\/de\/wp-json\/wp\/v2\/comments?post=347669"}],"version-history":[{"count":0,"href":"https:\/\/wmmaa.org\/de\/wp-json\/wp\/v2\/posts\/347669\/revisions"}],"wp:featuredmedia":[{"embeddable":true,"href":"https:\/\/wmmaa.org\/de\/wp-json\/wp\/v2\/media\/347660"}],"wp:attachment":[{"href":"https:\/\/wmmaa.org\/de\/wp-json\/wp\/v2\/media?parent=347669"}],"wp:term":[{"taxonomy":"category","embeddable":true,"href":"https:\/\/wmmaa.org\/de\/wp-json\/wp\/v2\/categories?post=347669"},{"taxonomy":"post_tag","embeddable":true,"href":"https:\/\/wmmaa.org\/de\/wp-json\/wp\/v2\/tags?post=347669"}],"curies":[{"name":"wp","href":"https:\/\/api.w.org\/{rel}","templated":true}]}}