{"id":346107,"date":"2023-01-27T08:47:04","date_gmt":"2023-01-27T06:47:04","guid":{"rendered":"https:\/\/wmmaa.org\/tony-ferguson-kundigt-sich-als-rivale-fur-conor-mcgregor-an\/"},"modified":"2023-01-27T08:47:04","modified_gmt":"2023-01-27T06:47:04","slug":"tony-ferguson-kundigt-sich-als-rivale-fur-conor-mcgregor-an","status":"publish","type":"post","link":"https:\/\/wmmaa.org\/de\/tony-ferguson-kundigt-sich-als-rivale-fur-conor-mcgregor-an\/","title":{"rendered":"Tony Ferguson k\u00fcndigt sich als Rivale f\u00fcr Conor McGregor an"},"content":{"rendered":"<div id=\"feat-img-reg\" class=\"relative\">\n <img decoding=\"async\" src=\"https:\/\/wmmaa.org\/wp-content\/uploads\/2023\/01\/ebd5b6372e360bc4b1aadf45bb757568_XL.jpg\" alt=\"Tony Ferguson k\u00fcndigt sich als Rivale f\u00fcr Conor McGregor an\"><\/div>\n<p><!-- Item introtext --><\/p>\n<div class=\"itemIntroText\">\n<p>Der fr\u00fchere UFC-Leichtgewichts-Interims-Champion Tony Ferguson behauptet, dass er der zweite Trainer bei der n\u00e4chsten The Ultimate Fighter-Show sein wird, in der Conor McGregor am Tag zuvor angek\u00fcndigt hat.<\/p>\n<\/p>\n<\/div>\n<p><!--AdFox START--><\/p>\n<p><!--&#1055;&#1083;&#1086;&#1097;&#1072;&#1076;&#1082;&#1072;: FightTime.ru \/ * \/ *--><\/p>\n<p><!--&#1058;&#1080;&#1087; &#1073;&#1072;&#1085;&#1085;&#1077;&#1088;&#1072;: &#1044;&#1077;&#1089;&#1082;&#1090;&#1086;&#1087;\/&#1052;&#1086;&#1073;&#1080;&#1083;&#1100;&#1085;&#1099;&#1081; 728x90\/300x300--><\/p>\n<p><!--&#1056;&#1072;&#1089;&#1087;&#1086;&#1083;&#1086;&#1078;&#1077;&#1085;&#1080;&#1077;: &#1050;&#1086;&#1085;&#1090;&#1077;&#1085;&#1090; &#1087;&#1086;&#1089;&#1083;&#1077; &#1074;&#1089;&#1090;&#1091;&#1087;&#1083;&#1077;&#1085;&#1080;&#1103;--><\/p>\n<div id=\"adfox_167032076949914564\" class=\"yandex_rtb_wrapper\"><\/div>\n<p><!-- Item fulltext --><\/p>\n<div class=\"itemFullText\">\n<blockquote>\n<p>\u201eIch wurde gebeten, TUF gegen einen fetten Trust oder was auch immer zu trainieren, wenn dieser S\u00fc\u00dfigkeitenfresser nicht auftaucht. Ich bin immer bereit \u2013 jederzeit und \u00fcberall. Und ich habe dich gew\u00e4hlt, McNucker! Bis bald\u201c, schrieb der amerikanische K\u00e4mpfer im sozialen Netzwerk.<\/p>\n<\/blockquote>\n<p>UFC-Vertreter haben sich noch nicht zu den Dreharbeiten zur 31. Staffel von TUF ge\u00e4u\u00dfert, die in naher Zukunft beginnen sollen.<\/p>\n<p>Tony Ferguson, 38, erlitt im September letzten Jahres seine f\u00fcnfte Niederlage in Folge, als er in der vierten Runde durch Guillotine Choke gegen Nate Diaz verlor. Einige Monate zuvor hatte der Amerikaner versucht, die Idee seiner Teilnahme an TUF mit Khabib Nurmagomedov zu f\u00f6rdern, aber die Dinge kamen nicht \u00fcber Gespr\u00e4che hinaus.<\/p>\n<p>Der 34-j\u00e4hrige Conor McGregor war zuletzt im Juli 2021 ins Achteck eingezogen, nachdem er sich im Duell gegen Dustin Poirier einen schweren Beinbruch zugezogen hatte, ein halbes Jahr zuvor verlor er gegen den US-Amerikaner durch KO in der zweiten Runde.<\/p>\n<\/p>\n<\/div>\n<p><!--post-tags--><\/p>\n<p>Quelle: https:\/\/fighttime.ru\/news\/item\/30619-toni-fergyuson-ob-yavil-sebya-sopernikom-konora-makgregora.html?rand=19907<\/p>\n","protected":false},"excerpt":{"rendered":"<p>Der fr\u00fchere UFC-Leichtgewichts-Interims-Champion Tony Ferguson behauptet, dass er der zweite Trainer bei der n\u00e4chsten The Ultimate Fighter-Show sein wird, in der Conor McGregor am Tag zuvor angek\u00fcndigt hat. \u201eIch wurde gebeten, TUF gegen einen fetten Trust oder was auch immer zu trainieren, wenn dieser S\u00fc\u00dfigkeitenfresser nicht auftaucht. Ich bin immer bereit \u2013 jederzeit und \u00fcberall. [&hellip;]<\/p>\n","protected":false},"author":1,"featured_media":346095,"comment_status":"","ping_status":"open","sticky":false,"template":"","format":"standard","meta":{"footnotes":""},"categories":[1213],"tags":[33,1434],"_links":{"self":[{"href":"https:\/\/wmmaa.org\/de\/wp-json\/wp\/v2\/posts\/346107"}],"collection":[{"href":"https:\/\/wmmaa.org\/de\/wp-json\/wp\/v2\/posts"}],"about":[{"href":"https:\/\/wmmaa.org\/de\/wp-json\/wp\/v2\/types\/post"}],"author":[{"embeddable":true,"href":"https:\/\/wmmaa.org\/de\/wp-json\/wp\/v2\/users\/1"}],"replies":[{"embeddable":true,"href":"https:\/\/wmmaa.org\/de\/wp-json\/wp\/v2\/comments?post=346107"}],"version-history":[{"count":0,"href":"https:\/\/wmmaa.org\/de\/wp-json\/wp\/v2\/posts\/346107\/revisions"}],"wp:featuredmedia":[{"embeddable":true,"href":"https:\/\/wmmaa.org\/de\/wp-json\/wp\/v2\/media\/346095"}],"wp:attachment":[{"href":"https:\/\/wmmaa.org\/de\/wp-json\/wp\/v2\/media?parent=346107"}],"wp:term":[{"taxonomy":"category","embeddable":true,"href":"https:\/\/wmmaa.org\/de\/wp-json\/wp\/v2\/categories?post=346107"},{"taxonomy":"post_tag","embeddable":true,"href":"https:\/\/wmmaa.org\/de\/wp-json\/wp\/v2\/tags?post=346107"}],"curies":[{"name":"wp","href":"https:\/\/api.w.org\/{rel}","templated":true}]}}