{"id":345585,"date":"2023-01-26T12:40:57","date_gmt":"2023-01-26T10:40:57","guid":{"rendered":"https:\/\/wmmaa.org\/charlo-ist-krank-und-das-ist-ernst-sagt-kumpel-prograis\/"},"modified":"2023-01-26T12:40:57","modified_gmt":"2023-01-26T10:40:57","slug":"charlo-ist-krank-und-das-ist-ernst-sagt-kumpel-prograis","status":"publish","type":"post","link":"https:\/\/wmmaa.org\/de\/charlo-ist-krank-und-das-ist-ernst-sagt-kumpel-prograis\/","title":{"rendered":"Charlo ist krank. Und das ist ernst &#8211; sagt Kumpel Prograis"},"content":{"rendered":"<p><img decoding=\"async\" src=\"https:\/\/wmmaa.org\/wp-content\/uploads\/2023\/01\/7a1275fb30f138b2db0040098f962ae6.JPG\" alt=\"\"><\/p>\n<div>\n<p> Der amerikanische WBC-Superleichtgewichts-Champion Regis Prograis (28-1, 24 KOs) kommentierte die lange Abwesenheit vom Ring des Besitzers des gleichen Titels, aber im Mittelgewicht Landsmann und enger Kumpel Jermall Charlo (32-0, 22 KOs).<\/p>\n<p> Programm<br \/>\n<a rel=\"nofollow noopener\" target=\"_blank\" href=\"https:\/\/www.youtube.com\/watch?v=4NGlz8uCkwg\">best\u00e4tigt<\/a>dass Charlo ernsthafte psychische Probleme hat: \u201eEr hat einige pers\u00f6nliche Probleme. Ernste pers\u00f6nliche Probleme. Er hat viel geredet, aber glauben Sie mir, der Typ hat wirklich Schei\u00dfe durchgemacht. Er ist schon auf dem Weg der Besserung. Aber du h\u00e4ttest sehen sollen, in welchem \u200b\u200bZustand er war \u2026 In einem solchen Zustand konnte er wirklich nicht k\u00e4mpfen.\u201c <\/p>\n<p> Das Problem liegt nicht in Charlo, sondern in den Aktionen der WBC \u2013 sie h\u00e4tten dem Champion l\u00e4ngst den Titel entziehen sollen, bef\u00f6rderte den Tr\u00e4ger des Interimsg\u00fcrtels Dominikaner Carlos Adames. Prograis versteht das: \u201eJa, er ist ein Champion und so. Das hei\u00dft, er hat Verpflichtungen. Aber das passiert. Ich sage Ihnen, er ist auf dem Weg der Besserung. Und er wird dasselbe zur\u00fcckgeben: diszipliniert und vorbereitet. Ich sah ihn. Ich war \u00fcberrascht, dass er sich mit all dem in Form h\u00e4lt und trainiert. Ich sage dir, es geht ihm jetzt besser.&#8220; <\/p>\n<p> Prograis ist sich jedoch nicht sicher, ob wir den Champion bald in Aktion sehen werden: &#8222;Woher soll ich das wissen? Soweit ich wei\u00df, muss er zuerst alle seine Probleme l\u00f6sen. Und dann verstehen, ob er weiterhin Leistung bringen will. Das ist er.&#8220; auf dem Weg der Besserung, aber das hei\u00dft nicht, dass es ihm gut geht. Er ist besser als zuvor. Das ist alles, was ich sagen kann.&#8220;<\/p>\n<p>Ger\u00fcchten zufolge missbraucht Jermall Alkohol. Im November forderte Charlo den Halbschwergewichts-Champion pl\u00f6tzlich heraus: \u201eIch will Bivol! Bivol, wo bist du? Bivol kommentierte diese Episode: \u201eIch habe Charlos D\u00e4mpfe nicht geschn\u00fcffelt.\u201c<\/p>\n<p><b><\/p>\n","protected":false},"excerpt":{"rendered":"<p>Der amerikanische WBC-Superleichtgewichts-Champion Regis Prograis (28-1, 24 KOs) kommentierte die lange Abwesenheit vom Ring des Besitzers des gleichen Titels, aber im Mittelgewicht Landsmann und enger Kumpel Jermall Charlo (32-0, 22 KOs). Programm best\u00e4tigtdass Charlo ernsthafte psychische Probleme hat: \u201eEr hat einige pers\u00f6nliche Probleme. Ernste pers\u00f6nliche Probleme. Er hat viel geredet, aber glauben Sie mir, der [&hellip;]<\/p>\n","protected":false},"author":1,"featured_media":345574,"comment_status":"","ping_status":"open","sticky":false,"template":"","format":"standard","meta":{"footnotes":""},"categories":[1213],"tags":[],"_links":{"self":[{"href":"https:\/\/wmmaa.org\/de\/wp-json\/wp\/v2\/posts\/345585"}],"collection":[{"href":"https:\/\/wmmaa.org\/de\/wp-json\/wp\/v2\/posts"}],"about":[{"href":"https:\/\/wmmaa.org\/de\/wp-json\/wp\/v2\/types\/post"}],"author":[{"embeddable":true,"href":"https:\/\/wmmaa.org\/de\/wp-json\/wp\/v2\/users\/1"}],"replies":[{"embeddable":true,"href":"https:\/\/wmmaa.org\/de\/wp-json\/wp\/v2\/comments?post=345585"}],"version-history":[{"count":0,"href":"https:\/\/wmmaa.org\/de\/wp-json\/wp\/v2\/posts\/345585\/revisions"}],"wp:featuredmedia":[{"embeddable":true,"href":"https:\/\/wmmaa.org\/de\/wp-json\/wp\/v2\/media\/345574"}],"wp:attachment":[{"href":"https:\/\/wmmaa.org\/de\/wp-json\/wp\/v2\/media?parent=345585"}],"wp:term":[{"taxonomy":"category","embeddable":true,"href":"https:\/\/wmmaa.org\/de\/wp-json\/wp\/v2\/categories?post=345585"},{"taxonomy":"post_tag","embeddable":true,"href":"https:\/\/wmmaa.org\/de\/wp-json\/wp\/v2\/tags?post=345585"}],"curies":[{"name":"wp","href":"https:\/\/api.w.org\/{rel}","templated":true}]}}