{"id":345516,"date":"2023-01-26T10:52:50","date_gmt":"2023-01-26T08:52:50","guid":{"rendered":"https:\/\/wmmaa.org\/conor-mcgregor-kundigt-neue-staffel-von-the-ultimate-fighter-an\/"},"modified":"2023-01-26T10:52:50","modified_gmt":"2023-01-26T08:52:50","slug":"conor-mcgregor-kundigt-neue-staffel-von-the-ultimate-fighter-an","status":"publish","type":"post","link":"https:\/\/wmmaa.org\/de\/conor-mcgregor-kundigt-neue-staffel-von-the-ultimate-fighter-an\/","title":{"rendered":"Conor McGregor k\u00fcndigt neue Staffel von The Ultimate Fighter an"},"content":{"rendered":"<div id=\"feat-img-reg\" class=\"relative\">\n <img decoding=\"async\" src=\"https:\/\/wmmaa.org\/wp-content\/uploads\/2023\/01\/4675d3871cf111a671cabb268e432015_XL.jpg\" alt=\"Conor McGregor k\u00fcndigt neue Staffel von The Ultimate Fighter an\"><\/div>\n<p><!-- Item introtext --><\/p>\n<div class=\"itemIntroText\">\n<p>Der fr\u00fchere UFC-Doppelgewichts-Champion Conor McGregor hat seinen Fans verraten, dass er Trainer f\u00fcr die n\u00e4chste Staffel von The Ultimate Fighter sein k\u00f6nnte, die bald mit den Dreharbeiten beginnen soll.<\/p>\n<\/p>\n<\/div>\n<p><!--AdFox START--><\/p>\n<p><!--&#1055;&#1083;&#1086;&#1097;&#1072;&#1076;&#1082;&#1072;: FightTime.ru \/ * \/ *--><\/p>\n<p><!--&#1058;&#1080;&#1087; &#1073;&#1072;&#1085;&#1085;&#1077;&#1088;&#1072;: &#1044;&#1077;&#1089;&#1082;&#1090;&#1086;&#1087;\/&#1052;&#1086;&#1073;&#1080;&#1083;&#1100;&#1085;&#1099;&#1081; 728x90\/300x300--><\/p>\n<p><!--&#1056;&#1072;&#1089;&#1087;&#1086;&#1083;&#1086;&#1078;&#1077;&#1085;&#1080;&#1077;: &#1050;&#1086;&#1085;&#1090;&#1077;&#1085;&#1090; &#1087;&#1086;&#1089;&#1083;&#1077; &#1074;&#1089;&#1090;&#1091;&#1087;&#1083;&#1077;&#1085;&#1080;&#1103;--><\/p>\n<div id=\"adfox_167032076949914564\" class=\"yandex_rtb_wrapper\"><\/div>\n<p><!-- Item fulltext --><\/p>\n<div class=\"itemFullText\">\n<blockquote>\n<p>\u201eIch habe gerade wieder die Rolle des Trainers bei TUF angeboten bekommen und ich liebe es\u201c, schrieb der Ire in dem sozialen Netzwerk. \u201eDas ist das totale Eintauchen, das ich so dringend brauche. Ich sehe die K\u00e4mpfer Schlange stehen. Ich wei\u00df, was vor mir liegt, und ich werde bereit sein, Motherfucker!&#8220;<\/p>\n<\/blockquote>\n<p>Kurz nach der Ver\u00f6ffentlichung wurde ihr Repost von der Pr\u00e4sidentin der UFC, Dana White, vorgenommen, was den Worten des Iren Glaubw\u00fcrdigkeit verleiht.<\/p>\n<p>Im Jahr 2015 nahm Conor McGregor an den Dreharbeiten zur 22. Staffel von The Ultimate Fighter teil, wo ihm der ehemalige WEC-Champion Urijah Faber als Trainer der gegnerischen Mannschaft gegen\u00fcberstand, das Drehbuch der Staffel beinhaltete jedoch zun\u00e4chst nicht das Finale Coaching-Match. Nach seiner Teilnahme an der TUF erzielte Conor McGregor einen historischen Sieg \u00fcber Jose Aldo und wurde zum wichtigsten Superstar der Organisation.<\/p>\n<p>K\u00fcrzlich berichtete der irische Trainer John Kavanagh von \u201einteressanten Verhandlungen\u201c und zeigte sich absolut zuversichtlich, dass sein M\u00fcndel noch in diesem Jahr ins Achteck zur\u00fcckkehren wird. Als potenzielle Rivalen nannte der irische Spezialist Nate Diaz, Dustin Poirier, Justin Gaethje und Michael Chandler.<\/p>\n<p>Der 34-j\u00e4hrige Conor McGregor war zuletzt im Juli 2021 ins Achteck eingezogen, nachdem er sich im Duell gegen Dustin Poirier einen schweren Beinbruch zugezogen hatte, ein halbes Jahr zuvor verlor er gegen den US-Amerikaner durch KO in der zweiten Runde.<\/p>\n<\/p>\n<\/div>\n<p><!--post-tags--><\/p>\n<p>Quelle: https:\/\/fighttime.ru\/news\/item\/30613-konor-makgregor-ob-yavil-ob-uchastii-v-ocherednom-sezone-the-ultimate-fighter.html?rand=19907<\/p>\n","protected":false},"excerpt":{"rendered":"<p>Der fr\u00fchere UFC-Doppelgewichts-Champion Conor McGregor hat seinen Fans verraten, dass er Trainer f\u00fcr die n\u00e4chste Staffel von The Ultimate Fighter sein k\u00f6nnte, die bald mit den Dreharbeiten beginnen soll. \u201eIch habe gerade wieder die Rolle des Trainers bei TUF angeboten bekommen und ich liebe es\u201c, schrieb der Ire in dem sozialen Netzwerk. \u201eDas ist das [&hellip;]<\/p>\n","protected":false},"author":1,"featured_media":345502,"comment_status":"","ping_status":"open","sticky":false,"template":"","format":"standard","meta":{"footnotes":""},"categories":[1213],"tags":[33],"_links":{"self":[{"href":"https:\/\/wmmaa.org\/de\/wp-json\/wp\/v2\/posts\/345516"}],"collection":[{"href":"https:\/\/wmmaa.org\/de\/wp-json\/wp\/v2\/posts"}],"about":[{"href":"https:\/\/wmmaa.org\/de\/wp-json\/wp\/v2\/types\/post"}],"author":[{"embeddable":true,"href":"https:\/\/wmmaa.org\/de\/wp-json\/wp\/v2\/users\/1"}],"replies":[{"embeddable":true,"href":"https:\/\/wmmaa.org\/de\/wp-json\/wp\/v2\/comments?post=345516"}],"version-history":[{"count":0,"href":"https:\/\/wmmaa.org\/de\/wp-json\/wp\/v2\/posts\/345516\/revisions"}],"wp:featuredmedia":[{"embeddable":true,"href":"https:\/\/wmmaa.org\/de\/wp-json\/wp\/v2\/media\/345502"}],"wp:attachment":[{"href":"https:\/\/wmmaa.org\/de\/wp-json\/wp\/v2\/media?parent=345516"}],"wp:term":[{"taxonomy":"category","embeddable":true,"href":"https:\/\/wmmaa.org\/de\/wp-json\/wp\/v2\/categories?post=345516"},{"taxonomy":"post_tag","embeddable":true,"href":"https:\/\/wmmaa.org\/de\/wp-json\/wp\/v2\/tags?post=345516"}],"curies":[{"name":"wp","href":"https:\/\/api.w.org\/{rel}","templated":true}]}}