{"id":345275,"date":"2023-01-26T01:40:55","date_gmt":"2023-01-25T23:40:55","guid":{"rendered":"https:\/\/wmmaa.org\/video-ufc-veteran-felipe-colares-stoppt-mutmasslichen-dieb-in-brasilien\/"},"modified":"2023-01-26T01:40:55","modified_gmt":"2023-01-25T23:40:55","slug":"video-ufc-veteran-felipe-colares-stoppt-mutmasslichen-dieb-in-brasilien","status":"publish","type":"post","link":"https:\/\/wmmaa.org\/de\/video-ufc-veteran-felipe-colares-stoppt-mutmasslichen-dieb-in-brasilien\/","title":{"rendered":"Video: UFC-Veteran Felipe Colares stoppt mutma\u00dflichen Dieb in Brasilien"},"content":{"rendered":"<p>Der fr\u00fchere UFC-Federgewichtler Felipe Colares setzte seine Jiu-Jitsu-F\u00e4higkeiten ein, um am Mittwoch in Rio de Janeiro einen Mann zu stoppen, der beschuldigt wurde, ein Telefon gestohlen zu haben. Der MMA-K\u00e4mpfer wurde dabei gefilmt, wie er den mutma\u00dflichen Dieb am Boden festhielt, w\u00e4hrend er auf das Eintreffen der Polizei wartete. <\/p>\n<p>Colares hat Fotos und einen Clip des Vorfalls in seinen sozialen Medien gepostet. Er sagte, er habe einen &#8222;mutma\u00dflichen Angriff auf eine Frau&#8220; gesehen, als er das Strand-Fitnessstudio von Recreio dos Bandeirantes verlie\u00df. <\/p>\n<p>\u201eIch ging zur\u00fcck zum Auto, um die Dame zu sehen, um die Situation zu \u00fcberpr\u00fcfen. Es war tats\u00e4chlich ein Raub\u201c, schrieb Colares. \u201eMeine Freunde und ich gingen zur\u00fcck zum Auto und sahen den Mann. Nachdem wir bemerkten, dass er unbewaffnet war, griffen wir ein und schafften es, den R\u00e4uber mit Jiu-Jitsu-Techniken festzunageln.\u201c<\/p>\n<p>Colares h\u00e4lt den Mann am Boden fest, w\u00e4hrend er um Hilfe bittet. Man h\u00f6rt ihn behaupten, die Frau sei seine Ex-Freundin. Ein \u00e4lterer Mann zieht an den Ohren des Mannes und sagt: \u201eI\u2019ll Kill You Right Here\u201c<\/p>\n<p>\u201eRuf nicht an [the cops]Mann\u201c, sagt der alte Mann zu Colares.<\/p>\n<p>Colares postete in den sozialen Medien, dass sie die Frau zur\u00fcckrufen konnten und sagte: \u201eHeute haben wir einen R\u00e4uber weniger auf der Stra\u00dfe.\u201c<\/p>\n<p>&#8222;Ich empfehle unvorbereiteten Leuten das nicht&#8220;, schrieb er, &#8222;aber heute bin ich ein Prozent besser geworden.&#8220;<\/p>\n<div>\n<blockquote class=\"instagram-media\" data-instgrm-captioned=\"\" data-instgrm-permalink=\"https:\/\/www.instagram.com\/p\/Cn2XBHKuCF1\/?utm_source=ig_embed&amp;utm_campaign=loading\" data-instgrm-version=\"14\" style=\"background:#FFF;border:0;border-radius:3px;margin: 1px;max-width:658px;min-width:326px;padding:0;width:99.375%;width:-webkit-calc(100% - 2px);width:calc(100% - 2px)\">\n<div style=\"padding:16px\"> <a rel=\"nofollow noopener\" target=\"_blank\" href=\"https:\/\/www.instagram.com\/p\/Cn2XBHKuCF1\/?utm_source=ig_embed&amp;utm_campaign=loading\" style=\"background:#FFFFFF;line-height:0;padding:0 0;text-align:center;text-decoration:none;width:100%\"> <\/p>\n<div style=\"flex-direction: row;align-items: center\">\n<div style=\"background-color: #F4F4F4;border-radius: 50%;flex-grow: 0;height: 40px;margin-right: 14px;width: 40px\"><\/div>\n<div style=\"flex-direction: column;flex-grow: 1;justify-content: center\">\n<div style=\"background-color: #F4F4F4;border-radius: 4px;flex-grow: 0;height: 14px;margin-bottom: 6px;width: 100px\"><\/div>\n<div style=\"background-color: #F4F4F4;border-radius: 4px;flex-grow: 0;height: 14px;width: 60px\"><\/div>\n<\/div>\n<\/div>\n<div style=\"padding: 19% 0\"><\/div>\n<div style=\"height:50px;margin:0 auto 12px;width:50px\"><\/div>\n<div style=\"padding-top: 8px\">\n<div style=\"color:#3897f0;font-family:Arial,sans-serif;font-size:14px;font-style:normal;font-weight:550;line-height:18px\">Sehen Sie sich diesen Beitrag auf Instagram an<\/div>\n<\/div>\n<div style=\"padding: 12.5% 0\"><\/div>\n<div style=\"flex-direction: row;margin-bottom: 14px;align-items: center\">\n<div>\n<div style=\"background-color: #F4F4F4;border-radius: 50%;height: 12.5px;width: 12.5px\"><\/div>\n<div style=\"background-color: #F4F4F4;height: 12.5px;width: 12.5px;flex-grow: 0;margin-right: 14px;margin-left: 2px\"><\/div>\n<div style=\"background-color: #F4F4F4;border-radius: 50%;height: 12.5px;width: 12.5px\"><\/div>\n<\/div>\n<div style=\"margin-left: 8px\">\n<div style=\"background-color: #F4F4F4;border-radius: 50%;flex-grow: 0;height: 20px;width: 20px\"><\/div>\n<div style=\"width: 0;height: 0;border-top: 2px solid transparent;border-left: 6px solid #f4f4f4;border-bottom: 2px solid transparent\"><\/div>\n<\/div>\n<div style=\"margin-left: auto\">\n<div style=\"width: 0px;border-top: 8px solid #F4F4F4;border-right: 8px solid transparent\"><\/div>\n<div style=\"background-color: #F4F4F4;flex-grow: 0;height: 12px;width: 16px\"><\/div>\n<div style=\"width: 0;height: 0;border-top: 8px solid #F4F4F4;border-left: 8px solid transparent\"><\/div>\n<\/div>\n<\/div>\n<div style=\"flex-direction: column;flex-grow: 1;justify-content: center;margin-bottom: 24px\">\n<div style=\"background-color: #F4F4F4;border-radius: 4px;flex-grow: 0;height: 14px;margin-bottom: 6px;width: 224px\"><\/div>\n<div style=\"background-color: #F4F4F4;border-radius: 4px;flex-grow: 0;height: 14px;width: 144px\"><\/div>\n<\/div>\n<p><\/a><\/p>\n<p style=\"color:#c9c8cd;font-family:Arial,sans-serif;font-size:14px;line-height:17px;margin-bottom:0;margin-top:8px;overflow:hidden;padding:8px 0 7px;text-align:center\"><a rel=\"nofollow noopener\" target=\"_blank\" href=\"https:\/\/www.instagram.com\/p\/Cn2XBHKuCF1\/?utm_source=ig_embed&amp;utm_campaign=loading\" style=\"color:#c9c8cd;font-family:Arial,sans-serif;font-size:14px;font-style:normal;font-weight:normal;line-height:17px;text-decoration:none\">Ein Beitrag von Felipe Colares (@felipecabocaoufc)<\/a><\/p>\n<\/div>\n<\/blockquote>\n<\/div>\n<p>Colares (10-4) k\u00e4mpfte f\u00fcnf Mal in der UFC und erzielte Siege gegen Luke Sanders und Domingo Pilarte. Am 2. Februar wird er gegen Alioune Nahaye sein Deb\u00fct f\u00fcr Ares FC geben. 17. <\/p>\n<p>Quelle: https:\/\/www.mmafighting.com\/2023\/1\/25\/23571545\/video-ufc-veteran-felipe-colares-stops-alleged-thief-brazil?rand=96749<\/p>\n","protected":false},"excerpt":{"rendered":"<p>Der fr\u00fchere UFC-Federgewichtler Felipe Colares setzte seine Jiu-Jitsu-F\u00e4higkeiten ein, um am Mittwoch in Rio de Janeiro einen Mann zu stoppen, der beschuldigt wurde, ein Telefon gestohlen zu haben. Der MMA-K\u00e4mpfer wurde dabei gefilmt, wie er den mutma\u00dflichen Dieb am Boden festhielt, w\u00e4hrend er auf das Eintreffen der Polizei wartete. Colares hat Fotos und einen Clip [&hellip;]<\/p>\n","protected":false},"author":1,"featured_media":345265,"comment_status":"","ping_status":"open","sticky":false,"template":"","format":"standard","meta":{"footnotes":""},"categories":[1213],"tags":[],"_links":{"self":[{"href":"https:\/\/wmmaa.org\/de\/wp-json\/wp\/v2\/posts\/345275"}],"collection":[{"href":"https:\/\/wmmaa.org\/de\/wp-json\/wp\/v2\/posts"}],"about":[{"href":"https:\/\/wmmaa.org\/de\/wp-json\/wp\/v2\/types\/post"}],"author":[{"embeddable":true,"href":"https:\/\/wmmaa.org\/de\/wp-json\/wp\/v2\/users\/1"}],"replies":[{"embeddable":true,"href":"https:\/\/wmmaa.org\/de\/wp-json\/wp\/v2\/comments?post=345275"}],"version-history":[{"count":0,"href":"https:\/\/wmmaa.org\/de\/wp-json\/wp\/v2\/posts\/345275\/revisions"}],"wp:featuredmedia":[{"embeddable":true,"href":"https:\/\/wmmaa.org\/de\/wp-json\/wp\/v2\/media\/345265"}],"wp:attachment":[{"href":"https:\/\/wmmaa.org\/de\/wp-json\/wp\/v2\/media?parent=345275"}],"wp:term":[{"taxonomy":"category","embeddable":true,"href":"https:\/\/wmmaa.org\/de\/wp-json\/wp\/v2\/categories?post=345275"},{"taxonomy":"post_tag","embeddable":true,"href":"https:\/\/wmmaa.org\/de\/wp-json\/wp\/v2\/tags?post=345275"}],"curies":[{"name":"wp","href":"https:\/\/api.w.org\/{rel}","templated":true}]}}