{"id":342900,"date":"2023-01-23T00:55:56","date_gmt":"2023-01-22T22:55:56","guid":{"rendered":"https:\/\/wmmaa.org\/glover-teixeira-entgeht-wahrend-des-ufc-283-konflikts-mit-jamahal-hill-schweren-verletzungen\/"},"modified":"2023-01-23T00:55:56","modified_gmt":"2023-01-22T22:55:56","slug":"glover-teixeira-entgeht-wahrend-des-ufc-283-konflikts-mit-jamahal-hill-schweren-verletzungen","status":"publish","type":"post","link":"https:\/\/wmmaa.org\/de\/glover-teixeira-entgeht-wahrend-des-ufc-283-konflikts-mit-jamahal-hill-schweren-verletzungen\/","title":{"rendered":"Glover Teixeira entgeht w\u00e4hrend des UFC-283-Konflikts mit Jamahal Hill schweren Verletzungen"},"content":{"rendered":"<p>RIO DE JANEIRO \u2013 Glover Teixeira zeigte ein riesiges Herz in seinem Ruhestandskampf mit Jamahal Hill bei UFC 283, der am Samstagabend in Brasilien ausfiel, aber er vermied letztendlich schwere Verletzungen. <\/p>\n<p>Der 43-j\u00e4hrige Veteran verlor in Rio de Janeiro nach einem brutalen Schlag durch die H\u00e4nde von Hill eine einstimmige Entscheidung und absorbierte 232 <a rel=\"nofollow noopener\" target=\"_blank\" href=\"http:\/\/ufcstats.com\/fight-details\/dde7d29cc443e263\">erhebliche Streiks<\/a>schaffte es aber irgendwie, f\u00fcnf Runden zu \u00fcberleben und in den letzten Minuten der Aktion sogar seinen Gegner am Boden zu bedrohen. <\/p>\n<p>Teixeiras langj\u00e4hriger Manager Jorge Guimaraes sagte gegen\u00fcber MMA Fighting, er habe w\u00e4hrend des 25-min\u00fctigen Wettbewerbs \u201enur Schnitte\u201c erlitten. <\/p>\n<p>&#8222;Es gab eine leichte Verletzung an seiner Nase, die Guimaraes \u00fcberpr\u00fcft haben wird, wenn er nach Connecticut zur\u00fcckkehrt. Ansonsten ist er gro\u00dfartig&#8220;, sagte Guimaraes. Er war [in hospital] f\u00fcr eine Weile, aber die Behandlung war erstaunlich.&#8220;<\/p>\n<p>Der ehemalige UFC-Champion gab w\u00e4hrend seines Interviews nach dem Kampf seinen R\u00fccktritt von MMA bekannt und enth\u00fcllte, dass er sich nun darauf konzentrieren wird, den UFC-Mittelgewichts-Champion Alex Pereira und andere zu trainieren. <\/p>\n<p>Teixeira h\u00e4ngt seine Handschuhe nach 33 Profisiegen in 42 K\u00e4mpfen an den Nagel und schl\u00e4gt Jan Blachowicz, Quinton Jackson, Ryan Bader, Anthony Smith, Rashad Evans, Thiago Santos und Jared Cannonier. <\/p>\n<p>Quelle: https:\/\/www.mmafighting.com\/2023\/1\/22\/23566663\/glover-teixeira-avoids-major-injuries-ufc-283-war-jamahal-hill?rand=96749<\/p>\n","protected":false},"excerpt":{"rendered":"<p>RIO DE JANEIRO \u2013 Glover Teixeira zeigte ein riesiges Herz in seinem Ruhestandskampf mit Jamahal Hill bei UFC 283, der am Samstagabend in Brasilien ausfiel, aber er vermied letztendlich schwere Verletzungen. Der 43-j\u00e4hrige Veteran verlor in Rio de Janeiro nach einem brutalen Schlag durch die H\u00e4nde von Hill eine einstimmige Entscheidung und absorbierte 232 erhebliche [&hellip;]<\/p>\n","protected":false},"author":1,"featured_media":342889,"comment_status":"","ping_status":"open","sticky":false,"template":"","format":"standard","meta":{"footnotes":""},"categories":[1213],"tags":[],"_links":{"self":[{"href":"https:\/\/wmmaa.org\/de\/wp-json\/wp\/v2\/posts\/342900"}],"collection":[{"href":"https:\/\/wmmaa.org\/de\/wp-json\/wp\/v2\/posts"}],"about":[{"href":"https:\/\/wmmaa.org\/de\/wp-json\/wp\/v2\/types\/post"}],"author":[{"embeddable":true,"href":"https:\/\/wmmaa.org\/de\/wp-json\/wp\/v2\/users\/1"}],"replies":[{"embeddable":true,"href":"https:\/\/wmmaa.org\/de\/wp-json\/wp\/v2\/comments?post=342900"}],"version-history":[{"count":0,"href":"https:\/\/wmmaa.org\/de\/wp-json\/wp\/v2\/posts\/342900\/revisions"}],"wp:featuredmedia":[{"embeddable":true,"href":"https:\/\/wmmaa.org\/de\/wp-json\/wp\/v2\/media\/342889"}],"wp:attachment":[{"href":"https:\/\/wmmaa.org\/de\/wp-json\/wp\/v2\/media?parent=342900"}],"wp:term":[{"taxonomy":"category","embeddable":true,"href":"https:\/\/wmmaa.org\/de\/wp-json\/wp\/v2\/categories?post=342900"},{"taxonomy":"post_tag","embeddable":true,"href":"https:\/\/wmmaa.org\/de\/wp-json\/wp\/v2\/tags?post=342900"}],"curies":[{"name":"wp","href":"https:\/\/api.w.org\/{rel}","templated":true}]}}