{"id":338916,"date":"2023-01-18T02:33:22","date_gmt":"2023-01-18T00:33:22","guid":{"rendered":"https:\/\/wmmaa.org\/arnold-allen-sagt-dass-er-wegen-einer-verletzung-nicht-in-der-lage-war-ufc-286-fur-ein-coma-event-anzunehmen\/"},"modified":"2023-01-18T02:33:22","modified_gmt":"2023-01-18T00:33:22","slug":"arnold-allen-sagt-dass-er-wegen-einer-verletzung-nicht-in-der-lage-war-ufc-286-fur-ein-coma-event-anzunehmen","status":"publish","type":"post","link":"https:\/\/wmmaa.org\/de\/arnold-allen-sagt-dass-er-wegen-einer-verletzung-nicht-in-der-lage-war-ufc-286-fur-ein-coma-event-anzunehmen\/","title":{"rendered":"Arnold Allen sagt, dass er wegen einer Verletzung nicht in der Lage war, UFC 286 f\u00fcr ein Coma-Event anzunehmen."},"content":{"rendered":"<p>Arnold Allen wird erneut eine m\u00f6glicherweise gro\u00dfe Chance f\u00fcr seine Karriere verpassen. <\/p>\n<p>Der 28-j\u00e4hrige Anw\u00e4rter im Federgewicht aus England enth\u00fcllte in einem auf seiner YouTube-Seite geposteten Video, dass ihm der Co-Main-Event-Slot bei der kommenden UFC 286-Karte angeboten wurde, die am 18. M\u00e4rz in London geplant war. Allen hatte eine Verletzung und konnte nicht trainieren, also lehnte er das UFC-Angebot ab. <\/p>\n<p>\u201eMir wurde das Co-Main Event angeboten, aber leider habe ich mir letzte Woche eine Rippe rausgerissen und war ein paar Wochen nicht mehr im Training\u201c, sagte Allen. &#8222;Es ist ziemlich frustrierend. Es ist nicht cool.&#8220;<\/p>\n<p>Allen verriet nicht, gegen wen er k\u00e4mpfen sollte, obwohl er zuvor Max Holloway (Ex-Champion im Federgewicht) als m\u00f6glichen Gegner vorgeschlagen hatte, der ihm helfen k\u00f6nnte, seinen zuk\u00fcnftigen Titelkampf zu sichern. <\/p>\n<p>Er hatte bereits einen vorl\u00e4ufigen Titelkampf verpasst, der f\u00fcr UFC 284 in Australien gebucht war, als die Organisation Josh Emmett gegen Yair Rodriguez f\u00fcr das Co-Main Event im Februar buchte. <\/p>\n<p>\u201eEs war der Kampf, den alle erwartet haben, und der Kampf, den ich wollte, aber ich kenne nicht einmal den Zeitplan [to fight again]\u201c, sagte Allen. \u201eEs wird sowieso ein paar Wochen dauern, bis ich wieder mit dem Training beginnen kann. Zu sp\u00e4t, um daf\u00fcr ins Lager zu kommen.&#8220;<\/p>\n<p>Mit einem perfekten 10-0-Rekord in der UFC hat Allen mit 145 Pfund einen stetigen Aufstieg in den R\u00e4ngen gemacht, aber leider wurde seine Karriere oft durch Verletzungen entgleist, die ihn f\u00fcr l\u00e4ngere Zeit pausieren lie\u00dfen. <\/p>\n<p>Er gewann 2022 zwei K\u00e4mpfe gegen Dan Hooker und Calvin Kattar. Dies war jedoch erst das zweite Mal in seiner UFC-Karriere, wo er zweimal in einem Kalenderjahr antrat. <\/p>\n<p>\u201eEs ist, was es war\u201c, erkl\u00e4rte Allen. Das war mein ganzes Leben lang meine Geschichte. Es hat sich zu meinen Gunsten entwickelt, also werde ich versuchen, diese positive Einstellung beizubehalten, bald wieder ins Fitnessstudio zu gehen und hoffentlich weiterzumachen. <\/p>\n<p>\u201eIch bin zuversichtlich, dass es zu gr\u00f6\u00dferen Dingen f\u00fchren wird. So sollte es nicht sein. Es ist einfach so. So zerbr\u00f6selt der Keks.\u201c<\/p>\n<div>\n<div style=\"width: 100%;height: 0;padding-bottom: 56.25%\"><iframe loading=\"lazy\" title=\"The One Person Ngannou DOESN&#039;T Want To Fight | UFC London + Jones v. Gane\" width=\"640\" height=\"360\" src=\"https:\/\/www.youtube.com\/embed\/0IN7zWIbfow?feature=oembed\" frameborder=\"0\" allow=\"accelerometer; autoplay; clipboard-write; encrypted-media; gyroscope; picture-in-picture; web-share\" referrerpolicy=\"strict-origin-when-cross-origin\" allowfullscreen><\/iframe><\/div>\n<\/div>\n<p>Quelle: https:\/\/www.mmafighting.com\/2023\/1\/17\/23559543\/arnold-allen-reveals-injury-prevented-him-accepting-ufc-286-co-main-event-slot-the-story- meines-lebens?rand=96749<\/p>\n","protected":false},"excerpt":{"rendered":"<p>Arnold Allen wird erneut eine m\u00f6glicherweise gro\u00dfe Chance f\u00fcr seine Karriere verpassen. Der 28-j\u00e4hrige Anw\u00e4rter im Federgewicht aus England enth\u00fcllte in einem auf seiner YouTube-Seite geposteten Video, dass ihm der Co-Main-Event-Slot bei der kommenden UFC 286-Karte angeboten wurde, die am 18. M\u00e4rz in London geplant war. Allen hatte eine Verletzung und konnte nicht trainieren, also [&hellip;]<\/p>\n","protected":false},"author":1,"featured_media":338902,"comment_status":"","ping_status":"open","sticky":false,"template":"","format":"standard","meta":{"footnotes":""},"categories":[1213],"tags":[],"_links":{"self":[{"href":"https:\/\/wmmaa.org\/de\/wp-json\/wp\/v2\/posts\/338916"}],"collection":[{"href":"https:\/\/wmmaa.org\/de\/wp-json\/wp\/v2\/posts"}],"about":[{"href":"https:\/\/wmmaa.org\/de\/wp-json\/wp\/v2\/types\/post"}],"author":[{"embeddable":true,"href":"https:\/\/wmmaa.org\/de\/wp-json\/wp\/v2\/users\/1"}],"replies":[{"embeddable":true,"href":"https:\/\/wmmaa.org\/de\/wp-json\/wp\/v2\/comments?post=338916"}],"version-history":[{"count":0,"href":"https:\/\/wmmaa.org\/de\/wp-json\/wp\/v2\/posts\/338916\/revisions"}],"wp:featuredmedia":[{"embeddable":true,"href":"https:\/\/wmmaa.org\/de\/wp-json\/wp\/v2\/media\/338902"}],"wp:attachment":[{"href":"https:\/\/wmmaa.org\/de\/wp-json\/wp\/v2\/media?parent=338916"}],"wp:term":[{"taxonomy":"category","embeddable":true,"href":"https:\/\/wmmaa.org\/de\/wp-json\/wp\/v2\/categories?post=338916"},{"taxonomy":"post_tag","embeddable":true,"href":"https:\/\/wmmaa.org\/de\/wp-json\/wp\/v2\/tags?post=338916"}],"curies":[{"name":"wp","href":"https:\/\/api.w.org\/{rel}","templated":true}]}}