{"id":338063,"date":"2023-01-17T00:02:23","date_gmt":"2023-01-16T22:02:23","guid":{"rendered":"https:\/\/wmmaa.org\/claudio-silva-der-als-erster-leon-edwards-bei-der-ufc-besiegte-zieht-sich-aus-dem-mma-zuruck\/"},"modified":"2023-01-17T00:02:23","modified_gmt":"2023-01-16T22:02:23","slug":"claudio-silva-der-als-erster-leon-edwards-bei-der-ufc-besiegte-zieht-sich-aus-dem-mma-zuruck","status":"publish","type":"post","link":"https:\/\/wmmaa.org\/de\/claudio-silva-der-als-erster-leon-edwards-bei-der-ufc-besiegte-zieht-sich-aus-dem-mma-zuruck\/","title":{"rendered":"Claudio Silva, der als erster Leon Edwards bei der UFC besiegte, zieht sich aus dem MMA zur\u00fcck"},"content":{"rendered":"<p>Claudio Silva hat beschlossen, sich fast f\u00fcnf Monate nach seiner UFC-Ver\u00f6ffentlichung aus dem MMA zur\u00fcckzuziehen, k\u00fcndigte der Veteran im Weltergewicht in einem Social-Media-Beitrag an, der sich an seine \u201eFamilie, Fans, Freunde und Hasser\u201c richtete.<\/p>\n<p>\u201eSeit ich anfange, bei MMA und UFC anzutreten, habe ich nichts als positive Erinnerungen und besondere Momente, die ich nie vergessen werde\u201c, schrieb Silva. \u201eIch danke allen, die mir geholfen haben, meine Ziele als Mann, Athlet und Sportler zu erreichen. Ich w\u00fcnsche all meinen Trainern, Fans, Freunden und Familienmitgliedern nur das Beste.\u201c<\/p>\n<p>Silva, 40, trat zwischen 2014 und 2022 in der UFC an und erzielte gro\u00dfe Siege gegen den zuk\u00fcnftigen 170-Pfund-Champion Leon Edwards, Nordine Taleb und Danny Roberts. Nach Niederlagen gegen Court McGee, James Krause und Nicolas Dalby trennte die UFC alle Bande. <\/p>\n<p>Der brasilianische K\u00e4mpfer, der mit einem Rekord von 14-4 abreist, hat w\u00e4hrend seiner Achteck-Karriere mehrere Verletzungen erlitten und wurde nach seinem Split-Decision-Sieg \u00fcber \u201eRocky\u201c in Brasilien fast vier Jahre lang aus dem K\u00e4fig gedr\u00e4ngt. Edwards hat seitdem nur einmal verloren und sich f\u00fcr eine Entscheidungsniederlage gegen Kamaru Usman ger\u00e4cht, um den UFC-Titel im August 2022 zu erringen. <\/p>\n<p> Siehe Silvas vollst\u00e4ndige Erkl\u00e4rung unten. <\/p>\n<div>\n<blockquote class=\"instagram-media\" data-instgrm-captioned=\"\" data-instgrm-permalink=\"https:\/\/www.instagram.com\/p\/CncnZjYjGFS\/?utm_source=ig_embed&amp;utm_campaign=loading\" data-instgrm-version=\"14\" style=\"background:#FFF;border:0;border-radius:3px;margin: 1px;max-width:658px;min-width:326px;padding:0;width:99.375%;width:-webkit-calc(100% - 2px);width:calc(100% - 2px)\">\n<div style=\"padding:16px\"> <a rel=\"nofollow noopener\" target=\"_blank\" href=\"https:\/\/www.instagram.com\/p\/CncnZjYjGFS\/?utm_source=ig_embed&amp;utm_campaign=loading\" style=\"background:#FFFFFF;line-height:0;padding:0 0;text-align:center;text-decoration:none;width:100%\"> <\/p>\n<div style=\"flex-direction: row;align-items: center\">\n<div style=\"background-color: #F4F4F4;border-radius: 50%;flex-grow: 0;height: 40px;margin-right: 14px;width: 40px\"><\/div>\n<div style=\"flex-direction: column;flex-grow: 1;justify-content: center\">\n<div style=\"background-color: #F4F4F4;border-radius: 4px;flex-grow: 0;height: 14px;margin-bottom: 6px;width: 100px\"><\/div>\n<div style=\"background-color: #F4F4F4;border-radius: 4px;flex-grow: 0;height: 14px;width: 60px\"><\/div>\n<\/div>\n<\/div>\n<div style=\"padding: 19% 0\"><\/div>\n<div style=\"height:50px;margin:0 auto 12px;width:50px\"><\/div>\n<div style=\"padding-top: 8px\">\n<div style=\"color:#3897f0;font-family:Arial,sans-serif;font-size:14px;font-style:normal;font-weight:550;line-height:18px\">Sehen Sie sich diesen Beitrag auf Instagram an<\/div>\n<\/div>\n<div style=\"padding: 12.5% 0\"><\/div>\n<div style=\"flex-direction: row;margin-bottom: 14px;align-items: center\">\n<div>\n<div style=\"background-color: #F4F4F4;border-radius: 50%;height: 12.5px;width: 12.5px\"><\/div>\n<div style=\"background-color: #F4F4F4;height: 12.5px;width: 12.5px;flex-grow: 0;margin-right: 14px;margin-left: 2px\"><\/div>\n<div style=\"background-color: #F4F4F4;border-radius: 50%;height: 12.5px;width: 12.5px\"><\/div>\n<\/div>\n<div style=\"margin-left: 8px\">\n<div style=\"background-color: #F4F4F4;border-radius: 50%;flex-grow: 0;height: 20px;width: 20px\"><\/div>\n<div style=\"width: 0;height: 0;border-top: 2px solid transparent;border-left: 6px solid #f4f4f4;border-bottom: 2px solid transparent\"><\/div>\n<\/div>\n<div style=\"margin-left: auto\">\n<div style=\"width: 0px;border-top: 8px solid #F4F4F4;border-right: 8px solid transparent\"><\/div>\n<div style=\"background-color: #F4F4F4;flex-grow: 0;height: 12px;width: 16px\"><\/div>\n<div style=\"width: 0;height: 0;border-top: 8px solid #F4F4F4;border-left: 8px solid transparent\"><\/div>\n<\/div>\n<\/div>\n<div style=\"flex-direction: column;flex-grow: 1;justify-content: center;margin-bottom: 24px\">\n<div style=\"background-color: #F4F4F4;border-radius: 4px;flex-grow: 0;height: 14px;margin-bottom: 6px;width: 224px\"><\/div>\n<div style=\"background-color: #F4F4F4;border-radius: 4px;flex-grow: 0;height: 14px;width: 144px\"><\/div>\n<\/div>\n<p><\/a><\/p>\n<p style=\"color:#c9c8cd;font-family:Arial,sans-serif;font-size:14px;line-height:17px;margin-bottom:0;margin-top:8px;overflow:hidden;padding:8px 0 7px;text-align:center\"><a rel=\"nofollow noopener\" target=\"_blank\" href=\"https:\/\/www.instagram.com\/p\/CncnZjYjGFS\/?utm_source=ig_embed&amp;utm_campaign=loading\" style=\"color:#c9c8cd;font-family:Arial,sans-serif;font-size:14px;font-style:normal;font-weight:normal;line-height:17px;text-decoration:none\">Ein Beitrag von Claudio Hannibal UFC (@claudiohannibalsilva)<\/a><\/p>\n<\/div>\n<\/blockquote>\n<\/div>\n<p>Quelle: https:\/\/www.mmafighting.com\/2023\/1\/16\/23557457\/leon-edwards-ufc-claudio-silva-retires-mma?rand=96749<\/p>\n","protected":false},"excerpt":{"rendered":"<p>Claudio Silva hat beschlossen, sich fast f\u00fcnf Monate nach seiner UFC-Ver\u00f6ffentlichung aus dem MMA zur\u00fcckzuziehen, k\u00fcndigte der Veteran im Weltergewicht in einem Social-Media-Beitrag an, der sich an seine \u201eFamilie, Fans, Freunde und Hasser\u201c richtete. \u201eSeit ich anfange, bei MMA und UFC anzutreten, habe ich nichts als positive Erinnerungen und besondere Momente, die ich nie vergessen [&hellip;]<\/p>\n","protected":false},"author":1,"featured_media":338035,"comment_status":"","ping_status":"open","sticky":false,"template":"","format":"standard","meta":{"footnotes":""},"categories":[1213],"tags":[],"_links":{"self":[{"href":"https:\/\/wmmaa.org\/de\/wp-json\/wp\/v2\/posts\/338063"}],"collection":[{"href":"https:\/\/wmmaa.org\/de\/wp-json\/wp\/v2\/posts"}],"about":[{"href":"https:\/\/wmmaa.org\/de\/wp-json\/wp\/v2\/types\/post"}],"author":[{"embeddable":true,"href":"https:\/\/wmmaa.org\/de\/wp-json\/wp\/v2\/users\/1"}],"replies":[{"embeddable":true,"href":"https:\/\/wmmaa.org\/de\/wp-json\/wp\/v2\/comments?post=338063"}],"version-history":[{"count":0,"href":"https:\/\/wmmaa.org\/de\/wp-json\/wp\/v2\/posts\/338063\/revisions"}],"wp:featuredmedia":[{"embeddable":true,"href":"https:\/\/wmmaa.org\/de\/wp-json\/wp\/v2\/media\/338035"}],"wp:attachment":[{"href":"https:\/\/wmmaa.org\/de\/wp-json\/wp\/v2\/media?parent=338063"}],"wp:term":[{"taxonomy":"category","embeddable":true,"href":"https:\/\/wmmaa.org\/de\/wp-json\/wp\/v2\/categories?post=338063"},{"taxonomy":"post_tag","embeddable":true,"href":"https:\/\/wmmaa.org\/de\/wp-json\/wp\/v2\/tags?post=338063"}],"curies":[{"name":"wp","href":"https:\/\/api.w.org\/{rel}","templated":true}]}}