{"id":337213,"date":"2023-01-15T17:07:19","date_gmt":"2023-01-15T15:07:19","guid":{"rendered":"https:\/\/wmmaa.org\/cyril-gan-kundigt-kampf-gegen-jon-jones-an\/"},"modified":"2023-01-15T17:07:19","modified_gmt":"2023-01-15T15:07:19","slug":"cyril-gan-kundigt-kampf-gegen-jon-jones-an","status":"publish","type":"post","link":"https:\/\/wmmaa.org\/de\/cyril-gan-kundigt-kampf-gegen-jon-jones-an\/","title":{"rendered":"Cyril Gan k\u00fcndigt Kampf gegen Jon Jones an"},"content":{"rendered":"<div id=\"feat-img-reg\" class=\"relative\">\n <img decoding=\"async\" src=\"https:\/\/wmmaa.org\/wp-content\/uploads\/2023\/01\/0fd8cc0c01037dfeb8248f5597a6d43b_XL.jpg\" alt=\"Cyril Gan k\u00fcndigt Kampf gegen Jon Jones an\"><\/div>\n<p><!-- Item introtext --><\/p>\n<div class=\"itemIntroText\">\n<p>Der fr\u00fchere UFC-Schwergewichts-Interimschampion Cyril Gan teilte seine Gedanken zu seinem bevorstehenden Kampf gegen Jon Jones mit, der um den vakanten Titel spielen wird, der vom scheidenden Francis Ngannou ger\u00e4umt wurde.<\/p>\n<\/p>\n<\/div>\n<p><!--AdFox START--><\/p>\n<p><!--&#1055;&#1083;&#1086;&#1097;&#1072;&#1076;&#1082;&#1072;: FightTime.ru \/ * \/ *--><\/p>\n<p><!--&#1058;&#1080;&#1087; &#1073;&#1072;&#1085;&#1085;&#1077;&#1088;&#1072;: &#1044;&#1077;&#1089;&#1082;&#1090;&#1086;&#1087;\/&#1052;&#1086;&#1073;&#1080;&#1083;&#1100;&#1085;&#1099;&#1081; 728x90\/300x300--><\/p>\n<p><!--&#1056;&#1072;&#1089;&#1087;&#1086;&#1083;&#1086;&#1078;&#1077;&#1085;&#1080;&#1077;: &#1050;&#1086;&#1085;&#1090;&#1077;&#1085;&#1090; &#1087;&#1086;&#1089;&#1083;&#1077; &#1074;&#1089;&#1090;&#1091;&#1087;&#1083;&#1077;&#1085;&#1080;&#1103;--><\/p>\n<div id=\"adfox_167032076949914564\" class=\"yandex_rtb_wrapper\"><\/div>\n<p><!-- Item fulltext --><\/p>\n<div class=\"itemFullText\">\n<blockquote>\n<p>\u201eIch bin noch neu bei MMA, jeder wei\u00df, dass ich erst vor ein paar Jahren mit Mixed Martial Arts angefangen habe\u201c, sagte der Franzose Reportern auf einer Pressekonferenz in Las Vegas. \u201eAls ich anfing, MMA zu schauen, war Jon Jones einer meiner Lieblingsk\u00e4mpfer und er ist der gr\u00f6\u00dfte K\u00e4mpfer aller Zeiten \u2013 schauen Sie sich nur seine Karriere an. Ich bin immer noch ein junger K\u00e4mpfer und es ist der Traum jedes jungen K\u00e4mpfers, gegen die Gr\u00f6\u00dften zu k\u00e4mpfen, also ist es verr\u00fcckt nach mir.&#8220;<\/p>\n<p>\u201eTrotz einer langen Ausfallzeit bleibt dieser Typ ein au\u00dfergew\u00f6hnlicher K\u00e4mpfer und ich freue mich sehr, ihn als Erster im Schwergewicht begr\u00fc\u00dfen zu d\u00fcrfen. Er ist ein wunderbarer Athlet und ich bin sicher, dass er sich in einer neuen Gewichtsklasse bewiesen hat.<\/p>\n<\/blockquote>\n<p>Gan beantwortete auch die Frage, ob er bedauere, dass er sich nicht an Ngannou r\u00e4chen kann, den er vor einem Jahr einstimmig in einem Vereinigungskampf verlor.<\/p>\n<blockquote>\n<p>\u201eNein, ich bereue es nicht, dass Francis gegangen ist. Vielleicht habe ich in den ersten drei Tagen nach der Niederlage dar\u00fcber nachgedacht, wie ich mich an ihm r\u00e4chen k\u00f6nnte, aber danach habe ich es vergessen und bin weitergezogen. Ich wei\u00df nicht, was Francis vorhat, ich kenne seinen Plan nicht, aber ich habe gesehen, wie er versuchte, Druck auf die UFC und Dana White auszu\u00fcben, indem er die Uniformen anderer Organisationen in den sozialen Medien ver\u00f6ffentlichte und auch \u00fcber Boxen, Tyson Fury, sprach . Vielleicht will er in diese Richtung gehen, ich wei\u00df es nicht.&#8220;<\/p>\n<p>\u201eNat\u00fcrlich war ich ein wenig \u00fcberrascht, dass er ging, weil ich einige Geschichten dar\u00fcber kenne, wie viel die UFC f\u00fcr ihn getan hat, und wahrscheinlich war es in dieser Situation nicht der beste Weg, mit dem Problem umzugehen.\u201c<\/p>\n<\/blockquote>\n<p>Denken Sie daran, dass der Kampf um den vakanten UFC-Schwergewichts-Meisterschaftsg\u00fcrtel zwischen Jon Jones und Cyril Gan das Hauptereignis des UFC 285-Turniers sein wird, das am 4. M\u00e4rz in Las Vegas stattfinden wird.<\/p>\n<\/p>\n<\/div>\n<p><!--post-tags--><\/p>\n<p>Quelle: https:\/\/fighttime.ru\/news\/item\/30518-siril-gan-sdelal-zayavlenie-o-poedinke-protiv-dzhona-dzhonsa.html?rand=19907<\/p>\n","protected":false},"excerpt":{"rendered":"<p>Der fr\u00fchere UFC-Schwergewichts-Interimschampion Cyril Gan teilte seine Gedanken zu seinem bevorstehenden Kampf gegen Jon Jones mit, der um den vakanten Titel spielen wird, der vom scheidenden Francis Ngannou ger\u00e4umt wurde. \u201eIch bin noch neu bei MMA, jeder wei\u00df, dass ich erst vor ein paar Jahren mit Mixed Martial Arts angefangen habe\u201c, sagte der Franzose Reportern [&hellip;]<\/p>\n","protected":false},"author":1,"featured_media":337200,"comment_status":"","ping_status":"open","sticky":false,"template":"","format":"standard","meta":{"footnotes":""},"categories":[1213],"tags":[335,1291],"_links":{"self":[{"href":"https:\/\/wmmaa.org\/de\/wp-json\/wp\/v2\/posts\/337213"}],"collection":[{"href":"https:\/\/wmmaa.org\/de\/wp-json\/wp\/v2\/posts"}],"about":[{"href":"https:\/\/wmmaa.org\/de\/wp-json\/wp\/v2\/types\/post"}],"author":[{"embeddable":true,"href":"https:\/\/wmmaa.org\/de\/wp-json\/wp\/v2\/users\/1"}],"replies":[{"embeddable":true,"href":"https:\/\/wmmaa.org\/de\/wp-json\/wp\/v2\/comments?post=337213"}],"version-history":[{"count":0,"href":"https:\/\/wmmaa.org\/de\/wp-json\/wp\/v2\/posts\/337213\/revisions"}],"wp:featuredmedia":[{"embeddable":true,"href":"https:\/\/wmmaa.org\/de\/wp-json\/wp\/v2\/media\/337200"}],"wp:attachment":[{"href":"https:\/\/wmmaa.org\/de\/wp-json\/wp\/v2\/media?parent=337213"}],"wp:term":[{"taxonomy":"category","embeddable":true,"href":"https:\/\/wmmaa.org\/de\/wp-json\/wp\/v2\/categories?post=337213"},{"taxonomy":"post_tag","embeddable":true,"href":"https:\/\/wmmaa.org\/de\/wp-json\/wp\/v2\/tags?post=337213"}],"curies":[{"name":"wp","href":"https:\/\/api.w.org\/{rel}","templated":true}]}}