{"id":335863,"date":"2023-01-14T04:26:30","date_gmt":"2023-01-14T02:26:30","guid":{"rendered":"https:\/\/wmmaa.org\/usyk-setzt-die-serie-belly-video-fort\/"},"modified":"2023-01-14T04:26:30","modified_gmt":"2023-01-14T02:26:30","slug":"usyk-setzt-die-serie-belly-video-fort","status":"publish","type":"post","link":"https:\/\/wmmaa.org\/de\/usyk-setzt-die-serie-belly-video-fort\/","title":{"rendered":"Usyk setzt die Serie &#8222;Belly&#8220; &#8211; Video fort"},"content":{"rendered":"<p><img decoding=\"async\" src=\"https:\/\/wmmaa.org\/wp-content\/uploads\/2023\/01\/9c46eca3808bca5936510309f5d30862.jpg\" alt=\"\"><\/p>\n<div>\n<p> Der Besitzer der IBF-, WBO- und WBA-Schwergewichtsg\u00fcrtel (\u00fcber 90,7 kg) Oleksandr Usyk (20-0, 13 KOs) trollt den WBC-Champion Tyson Fury (33-0-1, 23 KOs) hartn\u00e4ckig wegen dessen nicht-sportlicher Form , auch in seinen besten Jahren.<\/p>\n<p> \u201ePuzyaka, wo bist du?\u201c Usyk wandte sich in seinem \u00fcblichen, etwas seltsamen Stil an Fury.<\/p>\n<p> Man k\u00f6nnte sagen, dies ist eine Reaktion auf Tysons Versuche, den zuk\u00fcnftigen Gegner zu &#8222;beleidigen&#8220;, indem er ihn als Mittelgewicht bezeichnet.<\/p>\n<p> Bisher ist dieses Fechten ein Unentschieden:<\/p>\n<blockquote data-dnt=\"true\">\n<p lang=\"en\" dir=\"ltr\">\n<p> Wo sind Sie?<a rel=\"nofollow noopener\" target=\"_blank\" href=\"https:\/\/twitter.com\/Tyson_Fury?ref_src=twsrc%5Etfw\">@Tyson_Fury<\/a> <a rel=\"nofollow noopener\" target=\"_blank\" href=\"https:\/\/t.co\/em9jQ2qH50\">pic.twitter.com\/em9jQ2qH50<\/a>\n <\/p>\n<p> \u2014 Alexander Usyk (@usykaa) <a rel=\"nofollow noopener\" target=\"_blank\" href=\"https:\/\/twitter.com\/usykaa\/status\/1613964923754659841?ref_src=twsrc%5Etfw\">13. Januar 2023<\/a>\n<\/p>\n<\/blockquote>\n<p> Alexander, bring ihnen schon das Wort \u201eBauch\u201c bei.<\/p>\n<p> Der Superkampf zwischen dem Ukrainer und den Briten wird voraussichtlich im zeitigen Fr\u00fchjahr stattfinden. Wilders Trainer verglich die Erfolgsaussichten der beiden.<\/p>\n<p><b>Furys Plan f\u00fcr den Kampf mit Usyk: &#8222;Ich werde jagen und zerschmettern&#8220;<\/b><\/p>\n<p><b><\/p>\n","protected":false},"excerpt":{"rendered":"<p>Der Besitzer der IBF-, WBO- und WBA-Schwergewichtsg\u00fcrtel (\u00fcber 90,7 kg) Oleksandr Usyk (20-0, 13 KOs) trollt den WBC-Champion Tyson Fury (33-0-1, 23 KOs) hartn\u00e4ckig wegen dessen nicht-sportlicher Form , auch in seinen besten Jahren. \u201ePuzyaka, wo bist du?\u201c Usyk wandte sich in seinem \u00fcblichen, etwas seltsamen Stil an Fury. Man k\u00f6nnte sagen, dies ist eine [&hellip;]<\/p>\n","protected":false},"author":1,"featured_media":335847,"comment_status":"","ping_status":"open","sticky":false,"template":"","format":"standard","meta":{"footnotes":""},"categories":[1213],"tags":[],"_links":{"self":[{"href":"https:\/\/wmmaa.org\/de\/wp-json\/wp\/v2\/posts\/335863"}],"collection":[{"href":"https:\/\/wmmaa.org\/de\/wp-json\/wp\/v2\/posts"}],"about":[{"href":"https:\/\/wmmaa.org\/de\/wp-json\/wp\/v2\/types\/post"}],"author":[{"embeddable":true,"href":"https:\/\/wmmaa.org\/de\/wp-json\/wp\/v2\/users\/1"}],"replies":[{"embeddable":true,"href":"https:\/\/wmmaa.org\/de\/wp-json\/wp\/v2\/comments?post=335863"}],"version-history":[{"count":0,"href":"https:\/\/wmmaa.org\/de\/wp-json\/wp\/v2\/posts\/335863\/revisions"}],"wp:featuredmedia":[{"embeddable":true,"href":"https:\/\/wmmaa.org\/de\/wp-json\/wp\/v2\/media\/335847"}],"wp:attachment":[{"href":"https:\/\/wmmaa.org\/de\/wp-json\/wp\/v2\/media?parent=335863"}],"wp:term":[{"taxonomy":"category","embeddable":true,"href":"https:\/\/wmmaa.org\/de\/wp-json\/wp\/v2\/categories?post=335863"},{"taxonomy":"post_tag","embeddable":true,"href":"https:\/\/wmmaa.org\/de\/wp-json\/wp\/v2\/tags?post=335863"}],"curies":[{"name":"wp","href":"https:\/\/api.w.org\/{rel}","templated":true}]}}