{"id":334652,"date":"2023-01-12T09:41:03","date_gmt":"2023-01-12T07:41:03","guid":{"rendered":"https:\/\/wmmaa.org\/sean-strickland-und-nassurdin-imavov-worte-vor-dem-kampf\/"},"modified":"2023-01-12T09:41:03","modified_gmt":"2023-01-12T07:41:03","slug":"sean-strickland-und-nassurdin-imavov-worte-vor-dem-kampf","status":"publish","type":"post","link":"https:\/\/wmmaa.org\/de\/sean-strickland-und-nassurdin-imavov-worte-vor-dem-kampf\/","title":{"rendered":"Sean Strickland und Nassurdin Imavov: Worte vor dem Kampf"},"content":{"rendered":"<div id=\"feat-img-reg\" class=\"relative\">\n <img decoding=\"async\" src=\"https:\/\/wmmaa.org\/wp-content\/uploads\/2023\/01\/fc0c121f8b874a1c60ff293fdf957c78_XL.jpg\" alt=\"Sean Strickland und Nassurdin Imavov: Worte vor dem Kampf\"><\/div>\n<p><!-- Item introtext --><\/p>\n<div class=\"itemIntroText\">\n<p>Die Top-UFC-Mittelgewichtler Sean Strickland und Nassurdin Imavov teilten ihre Gedanken zum bevorstehenden Kampf, der die UFC Fight Night 217 am 14. Januar in Las Vegas leiten wird.<\/p>\n<\/p>\n<\/div>\n<p><!--AdFox START--><\/p>\n<p><!--&#1055;&#1083;&#1086;&#1097;&#1072;&#1076;&#1082;&#1072;: FightTime.ru \/ * \/ *--><\/p>\n<p><!--&#1058;&#1080;&#1087; &#1073;&#1072;&#1085;&#1085;&#1077;&#1088;&#1072;: &#1044;&#1077;&#1089;&#1082;&#1090;&#1086;&#1087;\/&#1052;&#1086;&#1073;&#1080;&#1083;&#1100;&#1085;&#1099;&#1081; 728x90\/300x300--><\/p>\n<p><!--&#1056;&#1072;&#1089;&#1087;&#1086;&#1083;&#1086;&#1078;&#1077;&#1085;&#1080;&#1077;: &#1050;&#1086;&#1085;&#1090;&#1077;&#1085;&#1090; &#1087;&#1086;&#1089;&#1083;&#1077; &#1074;&#1089;&#1090;&#1091;&#1087;&#1083;&#1077;&#1085;&#1080;&#1103;--><\/p>\n<div id=\"adfox_167032076949914564\" class=\"yandex_rtb_wrapper\"><\/div>\n<p><!-- Item fulltext --><\/p>\n<div class=\"itemFullText\">\n<p>Sean Strickland:<\/p>\n<blockquote>\n<p>\u201eIch wei\u00df nicht einmal, wie ich seinen Namen aussprechen soll. Nennen wir ihn Franzose. Und wenn wir eines \u00fcber die Franzosen wissen, dann dass sie am besten aufgeben k\u00f6nnen. Ich habe seine K\u00e4mpfe nicht wirklich beobachtet, aber ich wei\u00df, dass er es liebt, gehackt zu werden. Ich wei\u00df, dass er gerne Schl\u00e4ge austauscht, aber er ist immer noch ein verdammter Frenchie. Wenn Sie Franzose sind, f\u00e4llt es Ihnen schwer, sich von Ihrer feigen Vergangenheit zu l\u00f6sen.&#8220;<\/p>\n<p>\u201eIch wei\u00df nicht, vielleicht wird er irgendeine Aussage machen. Vielleicht will er beweisen, dass die feige Geschichte seines Landes hinter ihm liegt. Das einzige, was die Franzosen beherrschen, ist die F\u00e4higkeit, eine Aff\u00e4re zu haben, aufzugeben und K\u00e4mpfe zu verlieren. Aber wir werden es klarstellen. Pl\u00f6tzlich stellt sich heraus, dass er anders ist.\u201c<\/p>\n<\/blockquote>\n<p>Nassurdin Imawow:<\/p>\n<blockquote>\n<p>\u201eWas kann er besser als Gastelum? Flatternde Zunge. Seine lange Zunge und die Worte, die er spricht, sind seine einzige Gefahr, das ist alles. Ich habe geh\u00f6rt, was er Ihnen hier gesagt hat, und es inspiriert mich nur. Machen wir das!&#8220;<\/p>\n<p>\u201eIch war ein bisschen ver\u00e4rgert, als Gastelum drau\u00dfen war, aber wenn ich diesen Kampf gewinne, werde ich sofort ein paar Stufen hochgehen. Ich werde in der Rangliste h\u00f6her sein als f\u00fcr den Sieg \u00fcber Gastelum, und daf\u00fcr bin ich Sean dankbar.<\/p>\n<\/blockquote>\n<p>Erinnern Sie sich daran, dass Sean Strickland kurzfristig den Kampf mit Nassurdin Imavov \u00fcbernommen hat und den verletzten Kevin Gastelum ersetzt hat, in dessen Zusammenhang der Kampf nicht im Mittel-, sondern im Halbschwergewicht stattfinden wird.<\/p>\n<\/p>\n<\/div>\n<p><!--post-tags--><\/p>\n<p>Quelle: https:\/\/fighttime.ru\/news\/item\/30489-shon-striklend-i-nassurdin-imavov-slova-pered-boem.html?rand=19907<\/p>\n","protected":false},"excerpt":{"rendered":"<p>Die Top-UFC-Mittelgewichtler Sean Strickland und Nassurdin Imavov teilten ihre Gedanken zum bevorstehenden Kampf, der die UFC Fight Night 217 am 14. Januar in Las Vegas leiten wird. Sean Strickland: \u201eIch wei\u00df nicht einmal, wie ich seinen Namen aussprechen soll. Nennen wir ihn Franzose. Und wenn wir eines \u00fcber die Franzosen wissen, dann dass sie am [&hellip;]<\/p>\n","protected":false},"author":1,"featured_media":334643,"comment_status":"","ping_status":"open","sticky":false,"template":"","format":"standard","meta":{"footnotes":""},"categories":[1213],"tags":[2183,386],"_links":{"self":[{"href":"https:\/\/wmmaa.org\/de\/wp-json\/wp\/v2\/posts\/334652"}],"collection":[{"href":"https:\/\/wmmaa.org\/de\/wp-json\/wp\/v2\/posts"}],"about":[{"href":"https:\/\/wmmaa.org\/de\/wp-json\/wp\/v2\/types\/post"}],"author":[{"embeddable":true,"href":"https:\/\/wmmaa.org\/de\/wp-json\/wp\/v2\/users\/1"}],"replies":[{"embeddable":true,"href":"https:\/\/wmmaa.org\/de\/wp-json\/wp\/v2\/comments?post=334652"}],"version-history":[{"count":0,"href":"https:\/\/wmmaa.org\/de\/wp-json\/wp\/v2\/posts\/334652\/revisions"}],"wp:featuredmedia":[{"embeddable":true,"href":"https:\/\/wmmaa.org\/de\/wp-json\/wp\/v2\/media\/334643"}],"wp:attachment":[{"href":"https:\/\/wmmaa.org\/de\/wp-json\/wp\/v2\/media?parent=334652"}],"wp:term":[{"taxonomy":"category","embeddable":true,"href":"https:\/\/wmmaa.org\/de\/wp-json\/wp\/v2\/categories?post=334652"},{"taxonomy":"post_tag","embeddable":true,"href":"https:\/\/wmmaa.org\/de\/wp-json\/wp\/v2\/tags?post=334652"}],"curies":[{"name":"wp","href":"https:\/\/api.w.org\/{rel}","templated":true}]}}