{"id":334490,"date":"2023-01-11T23:47:01","date_gmt":"2023-01-11T21:47:01","guid":{"rendered":"https:\/\/wmmaa.org\/wird-der-spence-crawford-superkampf-nie-wieder-stattfinden-porter-raet-sich-nicht-zu-beeilen\/"},"modified":"2023-01-11T23:47:01","modified_gmt":"2023-01-11T21:47:01","slug":"wird-der-spence-crawford-superkampf-nie-wieder-stattfinden-porter-raet-sich-nicht-zu-beeilen","status":"publish","type":"post","link":"https:\/\/wmmaa.org\/de\/wird-der-spence-crawford-superkampf-nie-wieder-stattfinden-porter-raet-sich-nicht-zu-beeilen\/","title":{"rendered":"Wird der Spence-Crawford-Superkampf nie wieder stattfinden? Porter r\u00e4t, sich nicht zu beeilen"},"content":{"rendered":"<p><img decoding=\"async\" src=\"https:\/\/wmmaa.org\/wp-content\/uploads\/2023\/01\/0ca08659ca73d78861370c990aa69200.jpg\" alt=\"\"><\/p>\n<div>\n<p> Nach dem anstehenden Kampf gegen Keith Thurman, der vorl\u00e4ufig f\u00fcr April in den USA angesetzt ist, wird sich der aktuelle WBC\/WBA\/IBF im Weltergewicht (bis 66,7 kg) Errol Spence (28-0, 22 KOs) endg\u00fcltig von seinen G\u00fcrteln verabschieden wechselt in die n\u00e4chste Kategorie bis 69,9 kg.\n<\/p>\n<p> Diese Meinung wurde von Ex-Weltmeister im Weltergewicht Sean Porter ge\u00e4u\u00dfert.\n<\/p>\n<p> Beachten Sie, dass der Spence-Thurman-Kampf kein Titel sein wird und entweder in einem vertraglichen Fanggewicht oder im Limit einer vollwertigen ersten Mittelklasse stattfinden wird.\n<\/p>\n<p> \u201eIch denke, nach dem Thurman-Kampf wird er (Spence) an Gewicht zunehmen\u201c, schlug Porter in einem Interview vor.<br \/>\n <a rel=\"nofollow noopener\" target=\"_blank\" href=\"https:\/\/www.boxingscene.com\">Boxszene<\/a>.\n<\/p>\n<p> Bedeutet dies, dass Boxfans den Megafight von Spence und Terence Crawford (39-0, 30 KOs), der jetzt mit 66,7 kg den WBO-Titel h\u00e4lt, nie sehen werden?\n<\/p>\n<p> Laut Sean gar nicht: &#8222;Um ehrlich zu sein, erwarte ich, dass Terence und Errol mit 69,9 kg k\u00e4mpfen.&#8220;\n<\/p>\n<p> Aber was ist mit dem \u201eAbsoluten\u201c, das auf dem Spiel steht?\n<\/p>\n<p> \u201eG\u00fcrtel bedeuten nichts. Keine Respektlosigkeit, aber G\u00fcrtel spielen keine Rolle&#8220;, sagte Porter.\n<\/p>\n<p>\n <b>Meinung zum Thema: <\/b><b>Top-Kandidat f\u00fcr den Trainer des Jahres auf Spence-Crawford<\/b><\/p>\n<\/p>\n<\/div>\n<p>Quelle: https:\/\/vringe.com\/news\/161791-superboy-spens-krouford-nikogda-ne-sostoitsya.htm?rand=141343<\/p>\n","protected":false},"excerpt":{"rendered":"<p>Nach dem anstehenden Kampf gegen Keith Thurman, der vorl\u00e4ufig f\u00fcr April in den USA angesetzt ist, wird sich der aktuelle WBC\/WBA\/IBF im Weltergewicht (bis 66,7 kg) Errol Spence (28-0, 22 KOs) endg\u00fcltig von seinen G\u00fcrteln verabschieden wechselt in die n\u00e4chste Kategorie bis 69,9 kg. Diese Meinung wurde von Ex-Weltmeister im Weltergewicht Sean Porter ge\u00e4u\u00dfert. Beachten [&hellip;]<\/p>\n","protected":false},"author":1,"featured_media":334480,"comment_status":"","ping_status":"open","sticky":false,"template":"","format":"standard","meta":{"footnotes":""},"categories":[1213],"tags":[],"_links":{"self":[{"href":"https:\/\/wmmaa.org\/de\/wp-json\/wp\/v2\/posts\/334490"}],"collection":[{"href":"https:\/\/wmmaa.org\/de\/wp-json\/wp\/v2\/posts"}],"about":[{"href":"https:\/\/wmmaa.org\/de\/wp-json\/wp\/v2\/types\/post"}],"author":[{"embeddable":true,"href":"https:\/\/wmmaa.org\/de\/wp-json\/wp\/v2\/users\/1"}],"replies":[{"embeddable":true,"href":"https:\/\/wmmaa.org\/de\/wp-json\/wp\/v2\/comments?post=334490"}],"version-history":[{"count":0,"href":"https:\/\/wmmaa.org\/de\/wp-json\/wp\/v2\/posts\/334490\/revisions"}],"wp:featuredmedia":[{"embeddable":true,"href":"https:\/\/wmmaa.org\/de\/wp-json\/wp\/v2\/media\/334480"}],"wp:attachment":[{"href":"https:\/\/wmmaa.org\/de\/wp-json\/wp\/v2\/media?parent=334490"}],"wp:term":[{"taxonomy":"category","embeddable":true,"href":"https:\/\/wmmaa.org\/de\/wp-json\/wp\/v2\/categories?post=334490"},{"taxonomy":"post_tag","embeddable":true,"href":"https:\/\/wmmaa.org\/de\/wp-json\/wp\/v2\/tags?post=334490"}],"curies":[{"name":"wp","href":"https:\/\/api.w.org\/{rel}","templated":true}]}}