{"id":333947,"date":"2023-01-11T03:14:11","date_gmt":"2023-01-11T01:14:11","guid":{"rendered":"https:\/\/wmmaa.org\/terrance-mckinney-hatte-nichts-dagegen-wenn-die-unruhen-in-brasilien-den-ufc-283-kampf-absagen-damit-er-paddy-pimblett-ausknocken-kann\/"},"modified":"2023-01-11T03:14:11","modified_gmt":"2023-01-11T01:14:11","slug":"terrance-mckinney-hatte-nichts-dagegen-wenn-die-unruhen-in-brasilien-den-ufc-283-kampf-absagen-damit-er-paddy-pimblett-ausknocken-kann","status":"publish","type":"post","link":"https:\/\/wmmaa.org\/de\/terrance-mckinney-hatte-nichts-dagegen-wenn-die-unruhen-in-brasilien-den-ufc-283-kampf-absagen-damit-er-paddy-pimblett-ausknocken-kann\/","title":{"rendered":"Terrance McKinney h\u00e4tte nichts dagegen, wenn die Unruhen in Brasilien den UFC 283-Kampf absagen, damit er Paddy Pimblett ausknocken kann"},"content":{"rendered":"<p>Terrance McKinney soll diesen Monat bei UFC 283 k\u00e4mpfen, das als R\u00fcckkehr der Promotion nach Brasilien dient, aber wenn die Turbulenzen in Brasilien die Absage der Veranstaltung erzwingen, wird McKinney nicht v\u00f6llig untr\u00f6stlich sein. <\/p>\n<p>Der hochgelobte Leichtgewichts-Aufsteiger trifft beim ersten Pay-per-View-Event der UFC des Jahres, das am 21. Januar in Rio de Janeiro stattfindet, auf Ismael Bonfim. Derzeit befindet sich Brasilien mitten im politischen Chaos, nachdem Tausende Anh\u00e4nger des ehemaligen brasilianischen Pr\u00e4sidenten Jair Bolsonaro am Sonntag nach der Vereidigung des neuen Pr\u00e4sidenten Luiz Inacio Lula da Silva den Kongress, den Obersten Gerichtshof und den Pr\u00e4sidentenpalast des Landes gest\u00fcrmt hatten. <\/p>\n<p>Obwohl es keine Anzeichen daf\u00fcr gibt, dass die UFC ein Audience f\u00fcr die Veranstaltung einberufen hat, sagt McKinney, er habe einen Backup-Plan im Kopf, falls die politische Situation UFC 283 beeinflussen sollte. <\/p>\n<p>\u201eDa drau\u00dfen herrscht viel Chaos\u201c, sagte McKinney weiter <a rel=\"nofollow noopener\" target=\"_blank\" href=\"https:\/\/youtu.be\/oTFBBHVi6b0\"><em>Die MMA-Stunde<\/em><\/a>. <\/p>\n<p>&#8222;[I\u2019m concerned they might cancel the card] ein bisschen, aber ich h\u00e4tte nichts dagegen, weil wir alle wissen, dass ich diesen Scouser klopfen muss [Paddy Pimblett] aus. Wenn Gott das im Sinn hat, soll sein Wille geschehen.&#8220;<\/p>\n<div><\/div>\n<p>Pimblett beendete eine 3:0-Saison 2022 mit einem \u00e4u\u00dferst umstrittenen Entscheidungssieg \u00fcber Jared Gordon bei UFC 282. <\/p>\n<p>McKinney ist ein lautstarker Bef\u00fcrworter des Kampfes gegen \u201eThe Baddy\u201c und glaubt wie viele andere, dass Gordon es verdient, eine Chance zu bekommen. <\/p>\n<p>&#8220; McKinney sprach \u00fcber Pimblett und sagte, dass er den Kampf gesehen und verloren habe. &#8222;Ich denke [it was] 29-28 Jared. Ich w\u00fcrde geben [Pimblett] eine Runde, gib ihm vielleicht einfach eine Runde. Das ist nur ehrlich. <\/p>\n<p>\u201eDie Art und Weise, wie er Jareds Schl\u00e4ge mit seinem Kinn abwehrte, war sehr beeindruckend.\u201c<\/p>\n<p>Pimblett schien unglaublich zuversichtlich, dass er den Kampf nach seiner Leistung gewinnen w\u00fcrde. Er gab sogar an, dass er in Runde drei &#8222;ausrollte&#8220;, was er f\u00fcr sein bestes Ergebnis hielt, obwohl er die ersten beiden nicht gewonnen hatte. <\/p>\n<p>McKinney war sich Pimbletts Widerstand nach einem der umstrittensten Entscheidungssiege der j\u00fcngeren Geschichte sicherlich bewusst. <\/p>\n<p>&#8222;Mann, das ist verr\u00fcckt. McKinney sagte, dass er mit Sean O&#8217;Malley oder einer anderen Person zusammen gewesen sein muss. &#8222;Er muss denken, dass er immer noch ungeschlagen ist.&#8220;<\/p>\n<p>Ab sofort denkt McKinney an Bonfim bei UFC 283 und plant, einen weiteren Schritt in Richtung der Rangliste der wohl h\u00e4rtesten UFC-Division zu machen. <\/p>\n<p>Sollte er siegreich sein, hat McKinney das Gef\u00fchl, dass die UFC ihm seinen Wunsch erf\u00fcllen wird, als n\u00e4chstes gegen Pimblett anzutreten \u2013 m\u00f6glicherweise schon bei UFC 286 am 18. M\u00e4rz. <\/p>\n<p>\u201eIch denke, dass sie es nach diesem Kampf sicher schaffen\u201c, sagte McKinney. &#8222;Und [I\u2019d be] zweimal Gewicht schneiden, super nah beieinander. Er hat die beste Chance, mich zu schlagen. <\/p>\n<p>&#8222;Ich habe viel durch die Ger\u00fcchtek\u00fcche geh\u00f6rt und es scheint, als ob es das n\u00e4chste sein k\u00f6nnte. Es w\u00e4re definitiv im M\u00e4rz, und wenn ich Paddy nicht bekomme, wollen wir im April einen Ranglistengegner. <\/p>\n<p>&#8222;[It would] Seien Sie einfach \u00fcberall Dominanz\u201c, f\u00fcgte McKinney hinzu. McKinney sagte: \u201eIch habe gesehen, wie Jared mich herausgerungen hat, er konnte nicht wirklich irgendwelche Submissions von ihm bekommen, aber ich habe einen gr\u00f6\u00dferen K\u00f6rperbau. Ich bin schneller. Also ja, ich sehe, wie er get\u00f6tet wird, viele Leute sehen traurig aus \u2013 die UFC, Dana traurig \u2013 ich bekomme einen gr\u00f6\u00dferen Scheck. Nachdem ich ihn ausgeschaltet habe, kann ich viele positive Dinge sehen. Dann m\u00fcssen sie mich bef\u00f6rdern, und ich denke, ich bin der richtige Interessent, um in ihn zu investieren.&#8220; <\/p>\n<p>Quelle: https:\/\/www.mmafighting.com\/2023\/1\/10\/23546923\/terrance-mckinney-wouldnt-mind-if-ufc-283-gets-cancelled-due-to-turmoil-in-brazil-ko- paddy-pimblett?rand=96749<\/p>\n","protected":false},"excerpt":{"rendered":"<p>Terrance McKinney soll diesen Monat bei UFC 283 k\u00e4mpfen, das als R\u00fcckkehr der Promotion nach Brasilien dient, aber wenn die Turbulenzen in Brasilien die Absage der Veranstaltung erzwingen, wird McKinney nicht v\u00f6llig untr\u00f6stlich sein. Der hochgelobte Leichtgewichts-Aufsteiger trifft beim ersten Pay-per-View-Event der UFC des Jahres, das am 21. Januar in Rio de Janeiro stattfindet, auf [&hellip;]<\/p>\n","protected":false},"author":1,"featured_media":333938,"comment_status":"","ping_status":"open","sticky":false,"template":"","format":"standard","meta":{"footnotes":""},"categories":[1213],"tags":[],"_links":{"self":[{"href":"https:\/\/wmmaa.org\/de\/wp-json\/wp\/v2\/posts\/333947"}],"collection":[{"href":"https:\/\/wmmaa.org\/de\/wp-json\/wp\/v2\/posts"}],"about":[{"href":"https:\/\/wmmaa.org\/de\/wp-json\/wp\/v2\/types\/post"}],"author":[{"embeddable":true,"href":"https:\/\/wmmaa.org\/de\/wp-json\/wp\/v2\/users\/1"}],"replies":[{"embeddable":true,"href":"https:\/\/wmmaa.org\/de\/wp-json\/wp\/v2\/comments?post=333947"}],"version-history":[{"count":0,"href":"https:\/\/wmmaa.org\/de\/wp-json\/wp\/v2\/posts\/333947\/revisions"}],"wp:featuredmedia":[{"embeddable":true,"href":"https:\/\/wmmaa.org\/de\/wp-json\/wp\/v2\/media\/333938"}],"wp:attachment":[{"href":"https:\/\/wmmaa.org\/de\/wp-json\/wp\/v2\/media?parent=333947"}],"wp:term":[{"taxonomy":"category","embeddable":true,"href":"https:\/\/wmmaa.org\/de\/wp-json\/wp\/v2\/categories?post=333947"},{"taxonomy":"post_tag","embeddable":true,"href":"https:\/\/wmmaa.org\/de\/wp-json\/wp\/v2\/tags?post=333947"}],"curies":[{"name":"wp","href":"https:\/\/api.w.org\/{rel}","templated":true}]}}