{"id":333731,"date":"2023-01-10T19:18:06","date_gmt":"2023-01-10T17:18:06","guid":{"rendered":"https:\/\/wmmaa.org\/paul-felder-conor-mcgregor-wird-immer-wichtig-sein-aber-die-division-geht-nur-schlecht-an-ihm-vorbei\/"},"modified":"2023-01-10T19:18:06","modified_gmt":"2023-01-10T17:18:06","slug":"paul-felder-conor-mcgregor-wird-immer-wichtig-sein-aber-die-division-geht-nur-schlecht-an-ihm-vorbei","status":"publish","type":"post","link":"https:\/\/wmmaa.org\/de\/paul-felder-conor-mcgregor-wird-immer-wichtig-sein-aber-die-division-geht-nur-schlecht-an-ihm-vorbei\/","title":{"rendered":"Paul Felder: Conor McGregor wird \u201eimmer wichtig\u201c sein, aber die Division \u201egeht nur schlecht an ihm vorbei\u201c"},"content":{"rendered":"<p>Conor McGregor ist weiterhin der gr\u00f6\u00dfte Superstar der gemischten Kampfk\u00fcnste, aber wie er sich gegen die besten K\u00e4mpfer der Welt schlagen wird, wenn er endlich zur UFC zur\u00fcckkehrt, bleibt abzuwarten. <\/p>\n<p>Im Moment ist es schwer vorherzusagen, wann der ehemalige UFC-Champion aus zwei Divisionen wieder antreten wird, wenn man bedenkt, dass er immer noch nicht in das Anti-Doping-Programm der Promotion aufgenommen ist, das mindestens sechs Monate Dopingtests erfordern wird, bevor er k\u00e4mpfen darf. Er hat sich von einem Beinbruch erholt, den er sich bei seinem letzten Auftritt im Juli 2021 zugezogen hatte, und obwohl er st\u00e4ndig seine R\u00fcckkehr in den K\u00e4fig neckte, gibt es immer noch keinen genauen Zeitplan, wann er wieder k\u00e4mpfen k\u00f6nnte. <\/p>\n<p>Paul Felder, pensionierter UFC-Leichtgewichtskommentator und UFC-Farbkommentator Paul Felder glaubt, dass McGregor auf jeden Fall ein enormes Publikum anziehen wird. Er ist jedoch nicht davon \u00fcberzeugt, dass dies im Jahr 2023 geschehen wird. <\/p>\n<p>\u201eIch denke, er wird immer wichtig sein, solange er zumindest die M\u00f6glichkeit einer R\u00fcckkehr neckt. Aber das macht mir Sorgen\u201c, sagte Felder in The Fighter vs. The Writer. \u201eEr ist so besch\u00e4ftigt. \u201eEr ist mit Dreharbeiten besch\u00e4ftigt <em>Stra\u00dfenhaus <\/em>, und all das andere Zeug. Ich wei\u00df nicht, ob das vorbei ist oder nicht. Es ist schwierig. <\/p>\n<p>&#8222;Sie sind auf Yachten. Es gibt Villen. All diese Sachen geh\u00f6ren Ihnen. Sie haben Gesch\u00e4fte, an denen Sie arbeiten. Nach einer schweren Verletzung kommen Sie jetzt wieder an die Arbeit. Sie nehmen sich selbst aus der USADA heraus Testpool. Um Ihren Platz zur\u00fcckzubekommen, m\u00fcssen Sie warten. Es ist nicht klar. Es ist nicht klar, ob wir ihn 2023 sehen werden. Um ganz ehrlich zu sein.&#8220;<\/p>\n<div><\/div>\n<p>In den sechs Jahren, seit er Eddie Alvarez besiegte und damit der erste UFC-K\u00e4mpfer wurde, der gleichzeitig zwei Titel gewann, hat McGregor nur 1: 3 verloren, einschlie\u00dflich zweier Niederlagen gegen Dustin Poirier. <\/p>\n<p>Die Leichtgewichtsklasse hat sich in McGregors Abwesenheit dramatisch ver\u00e4ndert, mit einem neuen Champion in Islam Makhachev, einem ehemaligen Champion in Charles Oliveira \u2013 der zuf\u00e4llig nicht einmal mit 155 Pfund antrat, als der irische Star 2016 den Titel gewann \u2013 und aufstrebend Wilde wie Mateusz Gamrot, Rafael Fiziev und Arman Tsarukyan. <\/p>\n<p>In Erwartung seiner eventuellen R\u00fcckkehr war Michael Chandler der lautst\u00e4rkste K\u00e4mpfer, der um die Chance bat, McGregor wieder in der UFC willkommen zu hei\u00dfen. Felder glaubt, dass dies wahrscheinlich die bestm\u00f6gliche Option f\u00fcr McGregor ist, insbesondere wenn er andere potenzielle Matchups f\u00fcr ihn bei 155 Pfund untersucht. <\/p>\n<p>\u201eIch will Sie nicht missachten, aber ich denke, dass die Division sehr schlecht an ihm vorbeigeht,\u201c stellte Felder fest. \u201eIch denke, es geht an vielen von uns vorbei. Er ist ein bisschen \u00e4lter als ich, aber ich denke, diese Generation von K\u00e4mpfern wird in der Lage sein, gegen ihn anzutreten. <\/p>\n<p>\u201eDu willst Arman Tsarukyan nicht, [Mateusz] Gamrot, oder die jungen und hungrigen absoluten Wahnsinnigen, die in der Division aufsteigen.&#8220;<\/p>\n<p> McGregors Sieg \u00fcber Alvarez in der zweigeteilten UFC-Champion-Division war ein R\u00fcckschlag f\u00fcr seine Dynamik. Dann verlie\u00df er den Sport, nachdem er gegen Floyd Mayweather geboxt hatte, den er schlie\u00dflich gewann. <\/p>\n<p>Dieser einzige Kampf brachte McGregor den gr\u00f6\u00dften Zahltag seiner Karriere ein, aber Felder kann nicht umhin, sich zu fragen, ob es ihn auch daran gehindert hat, sich neben seinen Kollegen in der wohl tiefsten Abteilung des Sports zu entwickeln. <\/p>\n<p>\u201eNehmen wir an, er w\u00e4re nicht hingegangen und h\u00e4tte das getan [Floyd] Mayweather-Sache und nur strikt an MMA festgehalten, ich denke, er w\u00e4re ein gef\u00e4hrlicher Champion gewesen und h\u00e4tte lange Zeit Schaden angerichtet \u201c, sagte Felder. \u201eAber Sie nehmen sich selbst heraus, Sie konzentrieren sich auf einen anderen Sport und Sie haben Zeit frei und dann schl\u00e4gt die Pandemie zu und du kommst zur\u00fcck und bekommst diese Beinverletzung. <\/p>\n<p>\u201eIch denke einfach, dass es eine Menge zu tun gibt, um an die Spitze der Leichtgewichts- oder Weltergewichtsklasse zur\u00fcckzukehren.\u201c<\/p>\n<p>Quelle: https:\/\/www.mmafighting.com\/2023\/1\/10\/23547786\/paul-felder-conor-mcgregor-will-always-matter-but-the-division-is-just-passing-him-by- schlecht?rand=96749<\/p>\n","protected":false},"excerpt":{"rendered":"<p>Conor McGregor ist weiterhin der gr\u00f6\u00dfte Superstar der gemischten Kampfk\u00fcnste, aber wie er sich gegen die besten K\u00e4mpfer der Welt schlagen wird, wenn er endlich zur UFC zur\u00fcckkehrt, bleibt abzuwarten. Im Moment ist es schwer vorherzusagen, wann der ehemalige UFC-Champion aus zwei Divisionen wieder antreten wird, wenn man bedenkt, dass er immer noch nicht in [&hellip;]<\/p>\n","protected":false},"author":1,"featured_media":333722,"comment_status":"","ping_status":"open","sticky":false,"template":"","format":"standard","meta":{"footnotes":""},"categories":[1213],"tags":[],"_links":{"self":[{"href":"https:\/\/wmmaa.org\/de\/wp-json\/wp\/v2\/posts\/333731"}],"collection":[{"href":"https:\/\/wmmaa.org\/de\/wp-json\/wp\/v2\/posts"}],"about":[{"href":"https:\/\/wmmaa.org\/de\/wp-json\/wp\/v2\/types\/post"}],"author":[{"embeddable":true,"href":"https:\/\/wmmaa.org\/de\/wp-json\/wp\/v2\/users\/1"}],"replies":[{"embeddable":true,"href":"https:\/\/wmmaa.org\/de\/wp-json\/wp\/v2\/comments?post=333731"}],"version-history":[{"count":0,"href":"https:\/\/wmmaa.org\/de\/wp-json\/wp\/v2\/posts\/333731\/revisions"}],"wp:featuredmedia":[{"embeddable":true,"href":"https:\/\/wmmaa.org\/de\/wp-json\/wp\/v2\/media\/333722"}],"wp:attachment":[{"href":"https:\/\/wmmaa.org\/de\/wp-json\/wp\/v2\/media?parent=333731"}],"wp:term":[{"taxonomy":"category","embeddable":true,"href":"https:\/\/wmmaa.org\/de\/wp-json\/wp\/v2\/categories?post=333731"},{"taxonomy":"post_tag","embeddable":true,"href":"https:\/\/wmmaa.org\/de\/wp-json\/wp\/v2\/tags?post=333731"}],"curies":[{"name":"wp","href":"https:\/\/api.w.org\/{rel}","templated":true}]}}