{"id":333450,"date":"2023-01-10T15:18:06","date_gmt":"2023-01-10T13:18:06","guid":{"rendered":"https:\/\/wmmaa.org\/morgenbericht-rafael-fiziev-hat-justin-gaethje-im-marz-einen-kampf-versprochen-wird-schockiert-sein-wenn-dies-nicht-geschieht\/"},"modified":"2023-01-10T15:18:06","modified_gmt":"2023-01-10T13:18:06","slug":"morgenbericht-rafael-fiziev-hat-justin-gaethje-im-marz-einen-kampf-versprochen-wird-schockiert-sein-wenn-dies-nicht-geschieht","status":"publish","type":"post","link":"https:\/\/wmmaa.org\/de\/morgenbericht-rafael-fiziev-hat-justin-gaethje-im-marz-einen-kampf-versprochen-wird-schockiert-sein-wenn-dies-nicht-geschieht\/","title":{"rendered":"Morgenbericht: Rafael Fiziev hat Justin Gaethje im M\u00e4rz einen Kampf versprochen, wird \u201eschockiert\u201c sein, wenn dies nicht geschieht"},"content":{"rendered":"<p>Rafael Fiziev ist der Erf\u00fcllung seines Wunsches n\u00e4her als je zuvor.<\/p>\n<p>Kasachstans Lieblingssohn im Kampfleichtgewicht hat deutlich gemacht, gegen wen er k\u00e4mpfen will, seit er die offiziellen Top 15 der Division erreicht hat. Fiziev will den ehemaligen UFC-Interimschampion Justin Gaethje, und laut ihm wird derzeit an dem Matchup f\u00fcr das erste Quartal 2023 gearbeitet.<\/p>\n<p>\u201eIch k\u00fcndige nichts an, aber die UFC hat uns versprochen, dass ich im M\u00e4rz gegen Justin Gaethje k\u00e4mpfen werde\u201c, sagte Fiziev <a rel=\"nofollow noopener\" target=\"_blank\" href=\"https:\/\/www.youtube.com\/watch?v=QTHl-jSB5sQ&amp;t=0s\">Kapit\u00e4n Hardcore<\/a> (h\/t <a rel=\"nofollow noopener\" target=\"_blank\" href=\"https:\/\/www.youtube.com\/watch?v=3Rv9hWIJ9N4\">Rote Ecke MMA<\/a>). \u201eJeder will diesen Kampf, Dana White will diesen Kampf. Mir wurde gesagt, ich solle mich f\u00fcr M\u00e4rz fertig machen.<\/p>\n<p>\u201eWir warten auf den Vertrag, um ihn offiziell zu machen. Das ist es bis jetzt. Wenn sich etwas \u00e4ndert, bin ich schockiert.\u201c<\/p>\n<p>Eines der hervorgehobenen \u201eProbleme\u201c rund um die Leichtgewichtselite in den letzten Monaten war, dass alle bemerkenswertesten Namen nur gegeneinander gek\u00e4mpft haben. Daher erhalten die aufstrebenden Konkurrenten nicht ihre M\u00f6glichkeiten, aufzusteigen und sich weiter zu etablieren.<\/p>\n<p>Arman Tsarukyan, ein Mitstreiter neben Fiziev, bemerkte k\u00fcrzlich, dass Leute wie Gaethje, Dustin Poirier und Michael Chandler nur gegeneinander k\u00e4mpfen und gegen neue Gesichter k\u00e4mpfen oder gehen m\u00fcssen. F\u00fcr Gaethje fand sein letzter Kampf gegen den ehemaligen Champion Charles Oliveira statt, der ebenfalls in dieser Mischung ist, und zuletzt sein Interesse an einem Poirier-R\u00fcckkampf gegen\u00fcber allen anderen Optionen bekundet hatte. Trotzdem hat Fiziev volles Vertrauen, dass sich die Dinge zu seinen Gunsten entwickeln werden.<\/p>\n<p>\u201eWenn es abgesagt wird, nehme ich eine Geschichte auf wie \u201aUFC, was ist los?&#8217;\u201c, sagte Fiziev. \u201e[Location] ist die einzige Frage. Sie sagten entweder [London or Las Vegas]4. oder 18. M\u00e4rz.<\/p>\n<p>\u201eMir gef\u00e4llt, dass die UFC diesen Kampf von Anfang an unterst\u00fctzt hat. Gaethje ist ruhig, [his manager] Ali Abdelaziz versuchte etwas zu sagen. Sie tun immer noch, was sie getan haben. Die UFC will es. Wenn die UFC es will, machen sie es m\u00f6glich.\u201c<\/p>\n<p>Zu sagen, dass Fiziev seine Chance auf einen hochkar\u00e4tigen Namen wie Gaethje verdient hat, ist eine Untertreibung. \u201eAtamans\u201c bisher gr\u00f6\u00dfter Karrieresieg kam bei seinem letzten Mal im Juli 2022, als er den ehemaligen Leichtgewichts-Champion Rafael dos Anjos ausschaltete und seine aktuelle Serie auf sechs in Folge verl\u00e4ngerte.<\/p>\n<p>W\u00e4hrend Gaethjes Popularit\u00e4t allein Fiziev nach einem m\u00f6glichen Sieg ankurbeln w\u00fcrde, gibt es noch einige andere erw\u00e4hnenswerte Faktoren.<\/p>\n<p>\u201eWahrscheinlich alles zusammen\u201c, sagte Fiziev \u00fcber sein Interesse an Gaethje. \u201eDas ist eine gro\u00dfe Herausforderung f\u00fcr mich. Es ist ein gef\u00e4hrlicher Kampf f\u00fcr mich. Er ist ein starker K\u00e4mpfer, es ist auch etwas sehr Interessantes f\u00fcr mich, etwas, das mir Freude bereitet und mich energetisiert.<\/p>\n<p>\u201eIch habe noch nie jemanden gesehen, der Gaethje gerufen hat. Niemand sagte: \u201aGaethje, Gaethje, Gaethje, komm und k\u00e4mpfe gegen mich.&#8216; Keine Ahnung, vielleicht k\u00f6nnt ihr mich korrigieren. Ich mag es. Ich mag es, dass ich der Erste bin, der ihn herausruft, und ich m\u00f6chte wirklich gegen ihn k\u00e4mpfen. Au\u00dferdem bringt es mich dem Titel n\u00e4her. Ich wei\u00df, ich bin in der N\u00e4he. Wenn ich Gaethje auf spektakul\u00e4re Weise besiege, kann ich problemlos um den Titel k\u00e4mpfen.\u201c<\/p>\n<hr class=\"p-entry-hr\">\n<h1><strong>TOP-GESCHICHTEN<\/strong><\/h1>\n<p><strong>Ersch\u00fctterung.<\/strong> Kelvin Gastelum f\u00e4llt aus, Sean Strickland trifft nun im Main Event von UFC Vegas 67 auf Nassourdine Imavov<\/p>\n<p><strong>Reaktion. <\/strong>KSI \u00fcber Dillon Danis R\u00fcckzug aus dem Kampf: \u201eWir hatten wahrscheinlich ein bisschen zu viel Vertrauen in ihn\u201c<\/p>\n<p><strong>Pause.<\/strong> Khabib Nurmagomedov \u201enimmt sich eine Auszeit f\u00fcr seine Familie\u201c, ist aber unentschlossen \u00fcber eine langfristige Zukunft im MMA<\/p>\n<p><strong>K\u00f6der. <\/strong>Michael Bisping ruft Jake Paul an und fordert Nate Diaz zum MMA-Kampf \u201ealles Rauch und Spiegel\u201c heraus<\/p>\n<p><strong>Vertrauen.<\/strong> Marlon Vera ist zuversichtlich, dass der UFC-Titelschuss kommen wird: &#8222;Sie wollen, dass ich den G\u00fcrtel halte&#8220;<\/p>\n<p><strong>Abfahrt.<\/strong> Francisco Trinaldo \u201eein bisschen beleidigt\u201c von der UFC-Ver\u00f6ffentlichung, mag die Idee des n\u00e4chsten PFL-Turniers<\/p>\n<hr class=\"p-entry-hr\">\n<h1><strong>VIDEO-EINTOPF<\/strong><\/h1>\n<p>Die MMA-Stunde.<\/p>\n<div>\n<!-- ######## BEGIN VOLUME VIDEO ######## --><\/p>\n<div data-analytics-viewport=\"video\" data-analytics-action=\"volume:view:article:middle\" data-analytics-label=\"The MMA Hour with KSI, Marlon Vera, Terrance McKinney, and Michael Smith | Jan 9, 2023|110420\" data-volume-uu data-analytics-placement=\"article:middle\" data-volume-placement=\"article\" data-volume-autoplay=\"false\" class=\"volume-video\" data-volume-player-choice=\"youtube\"><\/div>\n<p><!-- ######## END VOLUME VIDEO ######## -->\n<\/div>\n<p>Freier Kampf.<\/p>\n<div>\n<div style=\"width: 100%;height: 0;padding-bottom: 56.25%\"><a href=\"https:\/\/www.youtube.com\/watch?v=mKg42f1_FUE\" target=\"_blank\" rel=\"noopener\">https:\/\/www.youtube.com\/watch?v=mKg42f1_FUE<\/a><\/div>\n<\/div>\n<p>Silvas Titelgewinn.<\/p>\n<div>\n<div style=\"width: 100%;height: 0;padding-bottom: 56.25%\"><iframe loading=\"lazy\" title=\"Anderson Silva Kicks Off Championship Reign With Stunning Knockout Win | Crowning Moment \ud83d\udc51\" width=\"640\" height=\"360\" src=\"https:\/\/www.youtube.com\/embed\/wAEIayWbjPY?feature=oembed\" frameborder=\"0\" allow=\"accelerometer; autoplay; clipboard-write; encrypted-media; gyroscope; picture-in-picture; web-share\" referrerpolicy=\"strict-origin-when-cross-origin\" allowfullscreen><\/iframe><\/div>\n<\/div>\n<p>Top 5 2022 Bellator-Deb\u00fcts.<\/p>\n<div>\n<div style=\"width: 100%;height: 0;padding-bottom: 56.25%\"><iframe loading=\"lazy\" title=\"BELLATOR MMA Top 5 Debuts of 2022\" width=\"640\" height=\"360\" src=\"https:\/\/www.youtube.com\/embed\/rLIaOIDOzzg?feature=oembed\" frameborder=\"0\" allow=\"accelerometer; autoplay; clipboard-write; encrypted-media; gyroscope; picture-in-picture; web-share\" referrerpolicy=\"strict-origin-when-cross-origin\" allowfullscreen><\/iframe><\/div>\n<\/div>\n<p>Anh\u00e4nger Invicta FC 51.<\/p>\n<div>\n<div style=\"width: 100%;height: 0;padding-bottom: 56.25%\"><iframe loading=\"lazy\" title=\"Invicta FC 51 | LIVE Wednesday, January 18 from DENVER, CO\" width=\"640\" height=\"360\" src=\"https:\/\/www.youtube.com\/embed\/E0SrsZKmP3E?feature=oembed\" frameborder=\"0\" allow=\"accelerometer; autoplay; clipboard-write; encrypted-media; gyroscope; picture-in-picture; web-share\" referrerpolicy=\"strict-origin-when-cross-origin\" allowfullscreen><\/iframe><\/div>\n<\/div>\n<p>BTS.<\/p>\n<div>\n<div style=\"width: 100%;height: 0;padding-bottom: 56.25%\"><iframe loading=\"lazy\" title=\"Henry Cejudo Talks To Kelvin Gastelum Moments After Surgery | Instant Reaction To BRUTAL Injury!\" width=\"640\" height=\"360\" src=\"https:\/\/www.youtube.com\/embed\/uswAcNzKe4A?feature=oembed\" frameborder=\"0\" allow=\"accelerometer; autoplay; clipboard-write; encrypted-media; gyroscope; picture-in-picture; web-share\" referrerpolicy=\"strict-origin-when-cross-origin\" allowfullscreen><\/iframe><\/div>\n<\/div>\n<p>Khamzat in Dubai Teil 3.<\/p>\n<div>\n<div style=\"width: 100%;height: 0;padding-bottom: 56.25%\"><iframe loading=\"lazy\" title=\"Khamzat Chimaev - DUBAI VLOG #3\" width=\"640\" height=\"360\" src=\"https:\/\/www.youtube.com\/embed\/2R8vuvGFPNE?feature=oembed\" frameborder=\"0\" allow=\"accelerometer; autoplay; clipboard-write; encrypted-media; gyroscope; picture-in-picture; web-share\" referrerpolicy=\"strict-origin-when-cross-origin\" allowfullscreen><\/iframe><\/div>\n<\/div>\n<hr class=\"p-entry-hr\">\n<h1><strong>SOZIALE MEDIEN BOUILLABAISSE<\/strong><\/h1>\n<p>Sicher nicht. <\/p>\n<div>\n<blockquote class=\"twitter-tweet\">\n<p lang=\"en\" dir=\"ltr\">Ich klopfe Herro nicht an. Es ist etwas, womit er nicht vertraut ist und er versucht zu lernen, und ich werde mich nie dar\u00fcber lustig machen. <br \/>Aber ich werde einen Trainer klopfen (vorausgesetzt, er trainiert ihn), der sagt \u201enochmal so\u201c, wenn \u201eeinfach so\u201c nicht der richtige Weg ist <a rel=\"nofollow noopener\" target=\"_blank\" href=\"https:\/\/t.co\/O4OPM9ukhI\">https:\/\/t.co\/O4OPM9ukhI<\/a><\/p>\n<p>\u2014 Jillian DeCourse (@lionheartjill) <a rel=\"nofollow noopener\" target=\"_blank\" href=\"https:\/\/twitter.com\/lionheartjill\/status\/1612498917039476746?ref_src=twsrc%5Etfw\">9. Januar 2023<\/a>\n<\/p>\n<\/blockquote>\n<\/div>\n<p>Kino.<\/p>\n<div>\n<blockquote class=\"twitter-tweet\">\n<p lang=\"en\" dir=\"ltr\">Fotos von Conor McGregor und Jake Gyllenhaal vom \u201eRoad House\u201c-Filmset <a rel=\"nofollow noopener\" target=\"_blank\" href=\"https:\/\/t.co\/nCrYMXWehL\">pic.twitter.com\/nCrYMXWehL<\/a><\/p>\n<p>\u2013 Amy Kaplan (@PhotoAmy33) <a rel=\"nofollow noopener\" target=\"_blank\" href=\"https:\/\/twitter.com\/PhotoAmy33\/status\/1612538377601155073?ref_src=twsrc%5Etfw\">9. Januar 2023<\/a>\n<\/p>\n<\/blockquote>\n<\/div>\n<p>Warum ist er nett zu deinem Diebstahl, Paulo?<\/p>\n<div>\n<blockquote class=\"twitter-tweet\" data-conversation=\"none\">\n<p lang=\"en\" dir=\"ltr\">Merab ist ein sehr netter Kerl. Ich habe sein Essen in UFC pi f\u00fcr lange 2 Monate gestohlen und er hat nie etwas gesagt. \u00dcbrigens hat er einen guten Geschmack f\u00fcr Garnelen und Reis<\/p>\n<p>\u2014 Paulo Costa (Borrachinha) (@BorrachinhaMMA) <a rel=\"nofollow noopener\" target=\"_blank\" href=\"https:\/\/twitter.com\/BorrachinhaMMA\/status\/1612547052692463616?ref_src=twsrc%5Etfw\">9. Januar 2023<\/a>\n<\/p>\n<\/blockquote>\n<\/div>\n<p>R\u00fcckblick.<\/p>\n<div>\n<blockquote class=\"twitter-tweet\">\n<p lang=\"en\" dir=\"ltr\">Kampfwoche! Von den besten Freunden der Highschool, den College-Mitbewohnern, den Trainingspartnern bei XC, jetzt sind sie R\u00fccken an R\u00fccken auf dem gleichen Weg <a rel=\"nofollow noopener\" target=\"_blank\" href=\"https:\/\/twitter.com\/ufc?ref_src=twsrc%5Etfw\">@ufc<\/a> Karte!! <a rel=\"nofollow noopener\" target=\"_blank\" href=\"https:\/\/twitter.com\/Dynamitedan808?ref_src=twsrc%5Etfw\">@ Dynamitedan808<\/a> <a rel=\"nofollow noopener\" target=\"_blank\" href=\"https:\/\/twitter.com\/puna185?ref_src=twsrc%5Etfw\">@puna185<\/a> <a rel=\"nofollow noopener\" target=\"_blank\" href=\"https:\/\/t.co\/52v4HwbLOU\">pic.twitter.com\/52v4HwbLOU<\/a><\/p>\n<p>\u2013 Eric Nicksick (@Eric_XCMMA) <a rel=\"nofollow noopener\" target=\"_blank\" href=\"https:\/\/twitter.com\/Eric_XCMMA\/status\/1612498989240430595?ref_src=twsrc%5Etfw\">9. Januar 2023<\/a>\n<\/p>\n<\/blockquote>\n<\/div>\n<p>M\u00f6glich.<\/p>\n<div>\n<blockquote class=\"twitter-tweet\">\n<p lang=\"en\" dir=\"ltr\">Das dritte Kind wird Battlestations hei\u00dfen. <a rel=\"nofollow noopener\" target=\"_blank\" href=\"https:\/\/t.co\/tl4E6qmPvc\">https:\/\/t.co\/tl4E6qmPvc<\/a><\/p>\n<p>\u2013 Zane Simon (@TheZaneSimon) <a rel=\"nofollow noopener\" target=\"_blank\" href=\"https:\/\/twitter.com\/TheZaneSimon\/status\/1612513371357868032?ref_src=twsrc%5Etfw\">9. Januar 2023<\/a>\n<\/p>\n<\/blockquote>\n<\/div>\n<p>Der letzte Kaiser.<\/p>\n<div>\n<blockquote class=\"twitter-tweet\">\n<p lang=\"en\" dir=\"ltr\">Fedor Emelianenko wirft, stolpert und t\u00f6tet <a rel=\"nofollow noopener\" target=\"_blank\" href=\"https:\/\/t.co\/otJRlZf8Ag\">pic.twitter.com\/otJRlZf8Ag<\/a><\/p>\n<p>\u2013 Miguel-Klasse (@MigClass) <a rel=\"nofollow noopener\" target=\"_blank\" href=\"https:\/\/twitter.com\/MigClass\/status\/1612498744896852002?ref_src=twsrc%5Etfw\">9. Januar 2023<\/a>\n<\/p>\n<\/blockquote>\n<\/div>\n<p>Cool.<\/p>\n<div>\n<blockquote class=\"twitter-tweet\">\n<p lang=\"in\" dir=\"ltr\">Israel Adesanya gegen Alex Pereira (2022) <a rel=\"nofollow noopener\" target=\"_blank\" href=\"https:\/\/t.co\/qeROJtgXg4\">pic.twitter.com\/qeROJtgXg4<\/a><\/p>\n<p>\u2013 Kampfbilder, die hart gehen (@fightpicsgohard) <a rel=\"nofollow noopener\" target=\"_blank\" href=\"https:\/\/twitter.com\/fightpicsgohard\/status\/1612502449398419458?ref_src=twsrc%5Etfw\">9. Januar 2023<\/a>\n<\/p>\n<\/blockquote>\n<\/div>\n<p>Sicherheit zuerst. <\/p>\n<div>\n<blockquote class=\"twitter-tweet\">\n<p lang=\"en\" dir=\"ltr\">Gab das Mundst\u00fcck seines Gegners zur\u00fcck, nur um ihn zu verpr\u00fcgeln <a rel=\"nofollow noopener\" target=\"_blank\" href=\"https:\/\/t.co\/HWOQv5OnpE\">pic.twitter.com\/HWOQv5OnpE<\/a><\/p>\n<p>\u2013 Rote Ecke MMA (@RedCorner_MMA) <a rel=\"nofollow noopener\" target=\"_blank\" href=\"https:\/\/twitter.com\/RedCorner_MMA\/status\/1612528902546546706?ref_src=twsrc%5Etfw\">9. Januar 2023<\/a>\n<\/p>\n<\/blockquote>\n<\/div>\n<p>Hast du? <\/p>\n<div>\n<blockquote class=\"twitter-tweet\">\n<p lang=\"en\" dir=\"ltr\">Haben Sie Ihr Kind heute schon umarmt? <a rel=\"nofollow noopener\" target=\"_blank\" href=\"https:\/\/twitter.com\/hashtag\/mma?src=hash&amp;ref_src=twsrc%5Etfw\">#mma<\/a> <a rel=\"nofollow noopener\" target=\"_blank\" href=\"https:\/\/twitter.com\/hashtag\/ufc?src=hash&amp;ref_src=twsrc%5Etfw\">#ufc<\/a> <a rel=\"nofollow noopener\" target=\"_blank\" href=\"https:\/\/t.co\/bQhiWnJ0Ul\">pic.twitter.com\/bQhiWnJ0Ul<\/a><\/p>\n<p>\u2014 Renato Moicano UFC (@moicanoufc) <a rel=\"nofollow noopener\" target=\"_blank\" href=\"https:\/\/twitter.com\/moicanoufc\/status\/1612472038358237184?ref_src=twsrc%5Etfw\">9. Januar 2023<\/a>\n<\/p>\n<\/blockquote>\n<\/div>\n<p>Reisen.<\/p>\n<div>\n<blockquote class=\"twitter-tweet\">\n<p lang=\"en\" dir=\"ltr\">Im Flugzeug festzusitzen und nur auf dem Rollfeld zu sitzen, ist das Schlimmste! <a rel=\"nofollow noopener\" target=\"_blank\" href=\"https:\/\/twitter.com\/hashtag\/travelingsucks?src=hash&amp;ref_src=twsrc%5Etfw\">#reisen sind schei\u00dfe<\/a><\/p>\n<p>\u2013 Daniel Cormier (@dc_mma) <a rel=\"nofollow noopener\" target=\"_blank\" href=\"https:\/\/twitter.com\/dc_mma\/status\/1612611661457752065?ref_src=twsrc%5Etfw\">10. Januar 2023<\/a>\n<\/p>\n<\/blockquote>\n<\/div>\n<p>Nett.<\/p>\n<div>\n<blockquote class=\"twitter-tweet\">\n<p lang=\"en\" dir=\"ltr\">Robert Whittaker, der gemeine Tweets liest, ist das Beste, was Sie den ganzen Tag sehen werden <a rel=\"nofollow noopener\" target=\"_blank\" href=\"https:\/\/t.co\/iNTsLR1E36\">pic.twitter.com\/iNTsLR1E36<\/a><\/p>\n<p>\u2013 Die Patrick McCorry Sportshow (@Patrick_McCorry) <a rel=\"nofollow noopener\" target=\"_blank\" href=\"https:\/\/twitter.com\/Patrick_McCorry\/status\/1612589422322630656?ref_src=twsrc%5Etfw\">9. Januar 2023<\/a>\n<\/p>\n<\/blockquote>\n<\/div>\n<p>Reaktion.<\/p>\n<div>\n<blockquote class=\"twitter-tweet\">\n<p lang=\"en\" dir=\"ltr\">Ich bin extrem entt\u00e4uscht, um es gelinde auszudr\u00fccken. So wollte ich 2023 nicht starten. <br \/>Ich habe mir den Arsch aufgerissen und mich durch viele Gegner gek\u00e4mpft und war bereit, dieses Wochenende eine verdammt gute Show zu liefern.<br \/>Ich entschuldige mich bei Imavov, seinem Lager sowie <a rel=\"nofollow noopener\" target=\"_blank\" href=\"https:\/\/twitter.com\/ufc?ref_src=twsrc%5Etfw\">@ufc<\/a> und alle Fans. <a rel=\"nofollow noopener\" target=\"_blank\" href=\"https:\/\/twitter.com\/hashtag\/OnAmission4Gold?src=hash&amp;ref_src=twsrc%5Etfw\">#OnAmission4Gold<\/a><\/p>\n<p>\u2014 #OnAmission4Gold (@KelvinGastelum) <a rel=\"nofollow noopener\" target=\"_blank\" href=\"https:\/\/twitter.com\/KelvinGastelum\/status\/1612584804465401856?ref_src=twsrc%5Etfw\">9. Januar 2023<\/a>\n<\/p>\n<\/blockquote>\n<\/div>\n<div>\n<blockquote class=\"twitter-tweet\">\n<p lang=\"en\" dir=\"ltr\">Ich habe das beste Support-System! <br \/>Liebe euch alle! Sch\u00e4tzen Sie alle, die gute Energie und Ihre freundlichen Worte senden.<\/p>\n<p>\u2014 #OnAmission4Gold (@KelvinGastelum) <a rel=\"nofollow noopener\" target=\"_blank\" href=\"https:\/\/twitter.com\/KelvinGastelum\/status\/1612599076939235330?ref_src=twsrc%5Etfw\">9. Januar 2023<\/a>\n<\/p>\n<\/blockquote>\n<\/div>\n<div>\n<blockquote class=\"twitter-tweet\">\n<p lang=\"en\" dir=\"ltr\">Grafische Darstellung \u26a0\ufe0f\u203c\ufe0f <a rel=\"nofollow noopener\" target=\"_blank\" href=\"https:\/\/t.co\/L8jhdRgV0F\">pic.twitter.com\/L8jhdRgV0F<\/a><\/p>\n<p>\u2014 #OnAmission4Gold (@KelvinGastelum) <a rel=\"nofollow noopener\" target=\"_blank\" href=\"https:\/\/twitter.com\/KelvinGastelum\/status\/1612624846269341698?ref_src=twsrc%5Etfw\">10. Januar 2023<\/a>\n<\/p>\n<\/blockquote>\n<\/div>\n<p>Er ist Geschwindigkeit.<\/p>\n<div>\n<blockquote class=\"twitter-tweet\">\n<p lang=\"hi\" dir=\"ltr\">Meine G\u00fcte <a rel=\"nofollow noopener\" target=\"_blank\" href=\"https:\/\/t.co\/MlgYCjYgUM\">pic.twitter.com\/MlgYCjYgUM<\/a><\/p>\n<p>\u2014 MMA-Manie (@mmamania) <a rel=\"nofollow noopener\" target=\"_blank\" href=\"https:\/\/twitter.com\/mmamania\/status\/1612576916409831425?ref_src=twsrc%5Etfw\">9. Januar 2023<\/a>\n<\/p>\n<\/blockquote>\n<\/div>\n<p>Wilde Aussicht.<\/p>\n<div>\n<blockquote class=\"instagram-media\" data-instgrm-captioned=\"\" data-instgrm-permalink=\"https:\/\/www.instagram.com\/p\/CnM4N_tPe5F\/?utm_source=ig_embed&amp;utm_campaign=loading\" data-instgrm-version=\"14\" style=\"background:#FFF;border:0;border-radius:3px;margin: 1px;max-width:658px;min-width:326px;padding:0;width:99.375%;width:-webkit-calc(100% - 2px);width:calc(100% - 2px)\">\n<div style=\"padding:16px\"> <a rel=\"nofollow noopener\" target=\"_blank\" href=\"https:\/\/www.instagram.com\/p\/CnM4N_tPe5F\/?utm_source=ig_embed&amp;utm_campaign=loading\" style=\"background:#FFFFFF;line-height:0;padding:0 0;text-align:center;text-decoration:none;width:100%\"> <\/p>\n<div style=\"flex-direction: row;align-items: center\">\n<div style=\"background-color: #F4F4F4;border-radius: 50%;flex-grow: 0;height: 40px;margin-right: 14px;width: 40px\"><\/div>\n<div style=\"flex-direction: column;flex-grow: 1;justify-content: center\">\n<div style=\"background-color: #F4F4F4;border-radius: 4px;flex-grow: 0;height: 14px;margin-bottom: 6px;width: 100px\"><\/div>\n<div style=\"background-color: #F4F4F4;border-radius: 4px;flex-grow: 0;height: 14px;width: 60px\"><\/div>\n<\/div>\n<\/div>\n<div style=\"padding: 19% 0\"><\/div>\n<div style=\"height:50px;margin:0 auto 12px;width:50px\"><\/div>\n<div style=\"padding-top: 8px\">\n<div style=\"color:#3897f0;font-family:Arial,sans-serif;font-size:14px;font-style:normal;font-weight:550;line-height:18px\">Sehen Sie sich diesen Beitrag auf Instagram an<\/div>\n<\/div>\n<div style=\"padding: 12.5% 0\"><\/div>\n<div style=\"flex-direction: row;margin-bottom: 14px;align-items: center\">\n<div>\n<div style=\"background-color: #F4F4F4;border-radius: 50%;height: 12.5px;width: 12.5px\"><\/div>\n<div style=\"background-color: #F4F4F4;height: 12.5px;width: 12.5px;flex-grow: 0;margin-right: 14px;margin-left: 2px\"><\/div>\n<div style=\"background-color: #F4F4F4;border-radius: 50%;height: 12.5px;width: 12.5px\"><\/div>\n<\/div>\n<div style=\"margin-left: 8px\">\n<div style=\"background-color: #F4F4F4;border-radius: 50%;flex-grow: 0;height: 20px;width: 20px\"><\/div>\n<div style=\"width: 0;height: 0;border-top: 2px solid transparent;border-left: 6px solid #f4f4f4;border-bottom: 2px solid transparent\"><\/div>\n<\/div>\n<div style=\"margin-left: auto\">\n<div style=\"width: 0px;border-top: 8px solid #F4F4F4;border-right: 8px solid transparent\"><\/div>\n<div style=\"background-color: #F4F4F4;flex-grow: 0;height: 12px;width: 16px\"><\/div>\n<div style=\"width: 0;height: 0;border-top: 8px solid #F4F4F4;border-left: 8px solid transparent\"><\/div>\n<\/div>\n<\/div>\n<div style=\"flex-direction: column;flex-grow: 1;justify-content: center;margin-bottom: 24px\">\n<div style=\"background-color: #F4F4F4;border-radius: 4px;flex-grow: 0;height: 14px;margin-bottom: 6px;width: 224px\"><\/div>\n<div style=\"background-color: #F4F4F4;border-radius: 4px;flex-grow: 0;height: 14px;width: 144px\"><\/div>\n<\/div>\n<p><\/a><\/p>\n<p style=\"color:#c9c8cd;font-family:Arial,sans-serif;font-size:14px;line-height:17px;margin-bottom:0;margin-top:8px;overflow:hidden;padding:8px 0 7px;text-align:center\"><a rel=\"nofollow noopener\" target=\"_blank\" href=\"https:\/\/www.instagram.com\/p\/CnM4N_tPe5F\/?utm_source=ig_embed&amp;utm_campaign=loading\" style=\"color:#c9c8cd;font-family:Arial,sans-serif;font-size:14px;font-style:normal;font-weight:normal;line-height:17px;text-decoration:none\">Ein Beitrag von Martina Jindrov\u00e1 (@martinajindrova_official)<\/a><\/p>\n<\/div>\n<\/blockquote>\n<\/div>\n<hr class=\"p-entry-hr\">\n<h1><strong>KAMPFANK\u00dcNDIGUNGEN<\/strong><\/h1>\n<p><strong>Nassourdine Imavov (12-3) gegen Sean Strickland (25-5);<\/strong> UFC Vegas 67, 14. Januar<\/p>\n<p><strong>Rin Nakai<\/strong><strong> (25-2-1) gegen Aoi Kuriyama (4-4-1);<\/strong> DEEP JEWELS 40, 18. Februar<\/p>\n<hr class=\"p-entry-hr\">\n<h1><strong>ABSCHLIESSENDE GEDANKEN<\/strong><\/h1>\n<p>So viel Spa\u00df Poirier vs. Gaethje 2 auch machen w\u00fcrde, alle Gaethje-K\u00e4mpfe machen Spa\u00df, also spielt es keine Rolle. Geben wir den Neuen eine Chance, sich zu beweisen.<\/p>\n<p>Danke f\u00fcrs Lesen!<\/p>\n<hr class=\"p-entry-hr\">\n<h1><strong>UMFRAGE<\/strong><\/h1>\n<p>Ergebnisse der letzten Woche:<\/p>\n<p><strong>Freitag:<\/strong> 83 % von 528 Stimmen antworteten mit \u201eNein\u201c auf die Frage \u201eIst Islam Makhachev das vielseitigste Leichtgewicht aller Zeiten?\u201c<\/p>\n<p><strong>Mittwoch: <\/strong>55 % der insgesamt 808 abgegebenen Stimmen antworteten auf die Frage \u201eWer ist Ihre erste Wahl?\u201c mit \u201eCory Sandhagen\u201c. Sandhagen vs. Marlon \u201eChito\u201c Vera titelt UFC Vegas 69 am 18. Februar.<\/p>\n<p><strong>Dienstag:<\/strong> 48 % der insgesamt 600 abgegebenen Stimmen antworteten mit \u201eKhamzat Chimaev vs. Colby Covington\u201c auf die Frage \u201eWelcher Kampf hat die realistischste Chance, dass er 2023 stattfindet?\u201c<\/p>\n<p><strong>Montag:<\/strong> 63 % von insgesamt 380 Stimmen antworteten mit \u201eNein\u201c auf die Frage \u201eWerden Sean O&#8217;Malley und Marlon Vera 2023 mit dem G\u00fcrtel auf der Linie erneut gegeneinander antreten?\u201c<\/p>\n<p>Die heutige Exit-Umfrage:<\/p>\n<div><\/div>\n<hr class=\"p-entry-hr\">\n<p><strong>Wenn Sie etwas finden, das Sie im Morgenbericht sehen m\u00f6chten, klicken Sie auf <\/strong><a rel=\"nofollow noopener\" target=\"_blank\" href=\"https:\/\/twitter.com\/DrakeRiggs_\"><strong>@DrakeRiggs_<\/strong><\/a><strong> auf Twitter und lass es ihn wissen. Folgen Sie auch MMAFighting auf <\/strong><a rel=\"nofollow noopener\" target=\"_blank\" href=\"https:\/\/www.instagram.com\/mmafightingdotcom\/?hl=en\"><strong>Instagram<\/strong><\/a><strong> und liken Sie uns weiter <\/strong><a rel=\"nofollow noopener\" target=\"_blank\" href=\"https:\/\/www.facebook.com\/mmafighting\/\"><strong>Facebook<\/strong><\/a><strong>.<\/strong><\/p>\n<p>Quelle: https:\/\/www.mmafighting.com\/2023\/1\/10\/23547419\/morning-report-rafael-fiziev-promised-justin-gaethje-fight-in-march-will-be-shocked-if-doesnt- passieren?rand=96749<\/p>\n","protected":false},"excerpt":{"rendered":"<p>Rafael Fiziev ist der Erf\u00fcllung seines Wunsches n\u00e4her als je zuvor. Kasachstans Lieblingssohn im Kampfleichtgewicht hat deutlich gemacht, gegen wen er k\u00e4mpfen will, seit er die offiziellen Top 15 der Division erreicht hat. Fiziev will den ehemaligen UFC-Interimschampion Justin Gaethje, und laut ihm wird derzeit an dem Matchup f\u00fcr das erste Quartal 2023 gearbeitet. \u201eIch [&hellip;]<\/p>\n","protected":false},"author":1,"featured_media":333433,"comment_status":"","ping_status":"open","sticky":false,"template":"","format":"standard","meta":{"footnotes":""},"categories":[1213],"tags":[],"_links":{"self":[{"href":"https:\/\/wmmaa.org\/de\/wp-json\/wp\/v2\/posts\/333450"}],"collection":[{"href":"https:\/\/wmmaa.org\/de\/wp-json\/wp\/v2\/posts"}],"about":[{"href":"https:\/\/wmmaa.org\/de\/wp-json\/wp\/v2\/types\/post"}],"author":[{"embeddable":true,"href":"https:\/\/wmmaa.org\/de\/wp-json\/wp\/v2\/users\/1"}],"replies":[{"embeddable":true,"href":"https:\/\/wmmaa.org\/de\/wp-json\/wp\/v2\/comments?post=333450"}],"version-history":[{"count":0,"href":"https:\/\/wmmaa.org\/de\/wp-json\/wp\/v2\/posts\/333450\/revisions"}],"wp:featuredmedia":[{"embeddable":true,"href":"https:\/\/wmmaa.org\/de\/wp-json\/wp\/v2\/media\/333433"}],"wp:attachment":[{"href":"https:\/\/wmmaa.org\/de\/wp-json\/wp\/v2\/media?parent=333450"}],"wp:term":[{"taxonomy":"category","embeddable":true,"href":"https:\/\/wmmaa.org\/de\/wp-json\/wp\/v2\/categories?post=333450"},{"taxonomy":"post_tag","embeddable":true,"href":"https:\/\/wmmaa.org\/de\/wp-json\/wp\/v2\/tags?post=333450"}],"curies":[{"name":"wp","href":"https:\/\/api.w.org\/{rel}","templated":true}]}}