{"id":332820,"date":"2023-01-09T08:52:16","date_gmt":"2023-01-09T06:52:16","guid":{"rendered":"https:\/\/wmmaa.org\/nurullo-aliyev-zum-debutkampf-in-der-ufc-ernannt\/"},"modified":"2023-01-09T08:52:16","modified_gmt":"2023-01-09T06:52:16","slug":"nurullo-aliyev-zum-debutkampf-in-der-ufc-ernannt","status":"publish","type":"post","link":"https:\/\/wmmaa.org\/de\/nurullo-aliyev-zum-debutkampf-in-der-ufc-ernannt\/","title":{"rendered":"Nurullo Aliyev zum Deb\u00fctkampf in der UFC ernannt"},"content":{"rendered":"<div id=\"feat-img-reg\" class=\"relative\">\n <img decoding=\"async\" src=\"https:\/\/wmmaa.org\/wp-content\/uploads\/2023\/01\/967818ffba1e585469d83ba563468966_XL.jpg\" alt=\"Nurullo Aliyev zum Deb\u00fctkampf in der UFC ernannt\"><\/div>\n<p><!-- Item introtext --><\/p>\n<div class=\"itemIntroText\">\n<p>Der 23-j\u00e4hrige Vertreter Tadschikistans, Nurullo Aliyev, der im vergangenen September dank einer erfolgreichen Leistung bei der Contender Series-Show von Dana White einen Vertrag mit der UFC erhielt, wird am 25. Februar bei der UFC Fight Night sein Deb\u00fct unter dem Banner der Organisation geben 220 in Las Vegas, sein Gegner wird der 32-j\u00e4hrige Brasilianer Rafael Alves sein.<\/p>\n<\/p>\n<\/div>\n<p><!--AdFox START--><\/p>\n<p><!--&#1055;&#1083;&#1086;&#1097;&#1072;&#1076;&#1082;&#1072;: FightTime.ru \/ * \/ *--><\/p>\n<p><!--&#1058;&#1080;&#1087; &#1073;&#1072;&#1085;&#1085;&#1077;&#1088;&#1072;: &#1044;&#1077;&#1089;&#1082;&#1090;&#1086;&#1087;\/&#1052;&#1086;&#1073;&#1080;&#1083;&#1100;&#1085;&#1099;&#1081; 728x90\/300x300--><\/p>\n<p><!--&#1056;&#1072;&#1089;&#1087;&#1086;&#1083;&#1086;&#1078;&#1077;&#1085;&#1080;&#1077;: &#1050;&#1086;&#1085;&#1090;&#1077;&#1085;&#1090; &#1087;&#1086;&#1089;&#1083;&#1077; &#1074;&#1089;&#1090;&#1091;&#1087;&#1083;&#1077;&#1085;&#1080;&#1103;--><\/p>\n<div id=\"adfox_167032076949914564\" class=\"yandex_rtb_wrapper\"><\/div>\n<p><!-- Item fulltext --><\/p>\n<div class=\"itemFullText\">\n<p>Informierte Quellen in der N\u00e4he der Situation berichteten \u00fcber die Organisation des Leichtgewichtskampfes.<\/p>\n<p>Bei der Auswahlshow des UFC-Pr\u00e4sidenten gewann der ungeschlagene Nurullo Aliyev seinen siebten Profisieg, bereits in der ersten Runde endete er mit einem technischen Knockout des Amerikaners Josh Wick.<\/p>\n<p>Rafael Alves, der 2020 auch \u00fcber die Show der Dana White Contender Series in die UFC eintrat, bestritt drei K\u00e4mpfe in der st\u00e4rksten Liga der Welt, verlor eine Entscheidung gegen Damir Ismagulov, endete mit einer Strangulation von Mark Diakezi und verlor durch KO gegen Drew Dober.<\/p>\n<\/p>\n<\/div>\n<p><!--post-tags--><\/p>\n<p>Quelle: https:\/\/fighttime.ru\/news\/item\/30462-nurullo-alievu-naznachen-debyutnyj-boj-v-ufc.html?rand=19907<\/p>\n","protected":false},"excerpt":{"rendered":"<p>Der 23-j\u00e4hrige Vertreter Tadschikistans, Nurullo Aliyev, der im vergangenen September dank einer erfolgreichen Leistung bei der Contender Series-Show von Dana White einen Vertrag mit der UFC erhielt, wird am 25. Februar bei der UFC Fight Night sein Deb\u00fct unter dem Banner der Organisation geben 220 in Las Vegas, sein Gegner wird der 32-j\u00e4hrige Brasilianer Rafael [&hellip;]<\/p>\n","protected":false},"author":1,"featured_media":332809,"comment_status":"","ping_status":"open","sticky":false,"template":"","format":"standard","meta":{"footnotes":""},"categories":[1213],"tags":[3093],"_links":{"self":[{"href":"https:\/\/wmmaa.org\/de\/wp-json\/wp\/v2\/posts\/332820"}],"collection":[{"href":"https:\/\/wmmaa.org\/de\/wp-json\/wp\/v2\/posts"}],"about":[{"href":"https:\/\/wmmaa.org\/de\/wp-json\/wp\/v2\/types\/post"}],"author":[{"embeddable":true,"href":"https:\/\/wmmaa.org\/de\/wp-json\/wp\/v2\/users\/1"}],"replies":[{"embeddable":true,"href":"https:\/\/wmmaa.org\/de\/wp-json\/wp\/v2\/comments?post=332820"}],"version-history":[{"count":0,"href":"https:\/\/wmmaa.org\/de\/wp-json\/wp\/v2\/posts\/332820\/revisions"}],"wp:featuredmedia":[{"embeddable":true,"href":"https:\/\/wmmaa.org\/de\/wp-json\/wp\/v2\/media\/332809"}],"wp:attachment":[{"href":"https:\/\/wmmaa.org\/de\/wp-json\/wp\/v2\/media?parent=332820"}],"wp:term":[{"taxonomy":"category","embeddable":true,"href":"https:\/\/wmmaa.org\/de\/wp-json\/wp\/v2\/categories?post=332820"},{"taxonomy":"post_tag","embeddable":true,"href":"https:\/\/wmmaa.org\/de\/wp-json\/wp\/v2\/tags?post=332820"}],"curies":[{"name":"wp","href":"https:\/\/api.w.org\/{rel}","templated":true}]}}