{"id":328870,"date":"2023-01-01T21:51:54","date_gmt":"2023-01-01T19:51:54","guid":{"rendered":"https:\/\/wmmaa.org\/damir-ismagulov-beendete-seine-profikarriere\/"},"modified":"2023-01-01T21:51:54","modified_gmt":"2023-01-01T19:51:54","slug":"damir-ismagulov-beendete-seine-profikarriere","status":"publish","type":"post","link":"https:\/\/wmmaa.org\/de\/damir-ismagulov-beendete-seine-profikarriere\/","title":{"rendered":"Damir Ismagulov beendete seine Profikarriere"},"content":{"rendered":"<div id=\"feat-img-reg\" class=\"relative\">\n <img decoding=\"async\" src=\"https:\/\/wmmaa.org\/wp-content\/uploads\/2023\/01\/0cf0e96405545a84c7245e9c5ca51221_XL.jpg\" alt=\"Damir Ismagulov beendete seine Profikarriere\"><\/div>\n<p><!-- Item introtext --><\/p>\n<div class=\"itemIntroText\">\n<p>Der fr\u00fchere Leichtgewichts-Champion der M-1 Challenge, Damir Ismagulov, der den zw\u00f6lften Platz in der UFC-Leichtgewichtsrangliste belegt, hat seinen R\u00fccktritt von der professionellen K\u00e4mpferkarriere angek\u00fcndigt.<\/p>\n<\/p>\n<\/div>\n<p><!--AdFox START--><\/p>\n<p><!--&#1055;&#1083;&#1086;&#1097;&#1072;&#1076;&#1082;&#1072;: FightTime.ru \/ * \/ *--><\/p>\n<p><!--&#1058;&#1080;&#1087; &#1073;&#1072;&#1085;&#1085;&#1077;&#1088;&#1072;: &#1044;&#1077;&#1089;&#1082;&#1090;&#1086;&#1087;\/&#1052;&#1086;&#1073;&#1080;&#1083;&#1100;&#1085;&#1099;&#1081; 728x90\/300x300--><\/p>\n<p><!--&#1056;&#1072;&#1089;&#1087;&#1086;&#1083;&#1086;&#1078;&#1077;&#1085;&#1080;&#1077;: &#1050;&#1086;&#1085;&#1090;&#1077;&#1085;&#1090; &#1087;&#1086;&#1089;&#1083;&#1077; &#1074;&#1089;&#1090;&#1091;&#1087;&#1083;&#1077;&#1085;&#1080;&#1103;--><\/p>\n<div id=\"adfox_167032076949914564\" class=\"yandex_rtb_wrapper\"><\/div>\n<p><!-- Item fulltext --><\/p>\n<div class=\"itemFullText\">\n<blockquote>\n<p>\u201eLeider bin ich aufgrund der Umst\u00e4nde und gesundheitlichen Probleme gezwungen, meine Sportkarriere zu beenden\u201c, schrieb der 31-j\u00e4hrige russisch-kasachische K\u00e4mpfer in dem sozialen Netzwerk. \u201eDanke an alle, die an meiner Seite waren, unabh\u00e4ngig vom Ausgang der K\u00e4mpfe, die aufrichtig krank und besorgt waren. Es war eine interessante Reise, ein Moment, der in Erinnerung bleiben wird. alle umarmt&#8220;<\/p>\n<\/blockquote>\n<p>Damir Ismagulov gewann im Mai 2017 den vakanten leichten Meisterschaftsg\u00fcrtel der M-1 Challenge, indem er Maxim Divnich in der f\u00fcnften Runde durch TKO besiegte. Danach verteidigte er seinen Titel dreimal erfolgreich, gewann durch Entscheidungen gegen Rogerio Concei\u00e7\u00e3o und Raul Tutarauli und gewann auch von TKO Artem Damkovsky.<\/p>\n<p>Damir Ismagulov, der 2018 einen Vertrag mit der UFC unterschrieb, bestritt sechs K\u00e4mpfe unter dem Banner der st\u00e4rksten Liga der Welt, erzielte f\u00fcnf Siege und erlitt eine Niederlage. Sein einziger R\u00fcckschlag kam gegen Arman Tsarukyan, den er am 17. Dezember bei der UFC Fight Night 216 in Las Vegas einstimmig verlor.<\/p>\n<p>Nach vorliegenden Informationen war der Kampf mit Tsarukyan der letzte f\u00fcr Ismagulov im laufenden Vertrag mit der UFC.<\/p>\n<\/p>\n<\/div>\n<p><!--post-tags--><\/p>\n<p>Quelle: https:\/\/fighttime.ru\/news\/item\/30409-damir-ismagulov-zavershil-professionalnuyu-kareru.html?rand=19907<\/p>\n","protected":false},"excerpt":{"rendered":"<p>Der fr\u00fchere Leichtgewichts-Champion der M-1 Challenge, Damir Ismagulov, der den zw\u00f6lften Platz in der UFC-Leichtgewichtsrangliste belegt, hat seinen R\u00fccktritt von der professionellen K\u00e4mpferkarriere angek\u00fcndigt. \u201eLeider bin ich aufgrund der Umst\u00e4nde und gesundheitlichen Probleme gezwungen, meine Sportkarriere zu beenden\u201c, schrieb der 31-j\u00e4hrige russisch-kasachische K\u00e4mpfer in dem sozialen Netzwerk. \u201eDanke an alle, die an meiner Seite waren, [&hellip;]<\/p>\n","protected":false},"author":1,"featured_media":328861,"comment_status":"","ping_status":"open","sticky":false,"template":"","format":"standard","meta":{"footnotes":""},"categories":[1213],"tags":[2259],"_links":{"self":[{"href":"https:\/\/wmmaa.org\/de\/wp-json\/wp\/v2\/posts\/328870"}],"collection":[{"href":"https:\/\/wmmaa.org\/de\/wp-json\/wp\/v2\/posts"}],"about":[{"href":"https:\/\/wmmaa.org\/de\/wp-json\/wp\/v2\/types\/post"}],"author":[{"embeddable":true,"href":"https:\/\/wmmaa.org\/de\/wp-json\/wp\/v2\/users\/1"}],"replies":[{"embeddable":true,"href":"https:\/\/wmmaa.org\/de\/wp-json\/wp\/v2\/comments?post=328870"}],"version-history":[{"count":0,"href":"https:\/\/wmmaa.org\/de\/wp-json\/wp\/v2\/posts\/328870\/revisions"}],"wp:featuredmedia":[{"embeddable":true,"href":"https:\/\/wmmaa.org\/de\/wp-json\/wp\/v2\/media\/328861"}],"wp:attachment":[{"href":"https:\/\/wmmaa.org\/de\/wp-json\/wp\/v2\/media?parent=328870"}],"wp:term":[{"taxonomy":"category","embeddable":true,"href":"https:\/\/wmmaa.org\/de\/wp-json\/wp\/v2\/categories?post=328870"},{"taxonomy":"post_tag","embeddable":true,"href":"https:\/\/wmmaa.org\/de\/wp-json\/wp\/v2\/tags?post=328870"}],"curies":[{"name":"wp","href":"https:\/\/api.w.org\/{rel}","templated":true}]}}