{"id":328545,"date":"2022-12-31T20:34:06","date_gmt":"2022-12-31T18:34:06","guid":{"rendered":"https:\/\/wmmaa.org\/muhammad-mokaev-hat-sich-nach-einer-ausgerenkten-schulter-auf-den-weg-zur-operation-gemacht-und-hofft-immer-noch-bei-ufc-286-zu-kaempfen\/"},"modified":"2022-12-31T20:34:06","modified_gmt":"2022-12-31T18:34:06","slug":"muhammad-mokaev-hat-sich-nach-einer-ausgerenkten-schulter-auf-den-weg-zur-operation-gemacht-und-hofft-immer-noch-bei-ufc-286-zu-kaempfen","status":"publish","type":"post","link":"https:\/\/wmmaa.org\/de\/muhammad-mokaev-hat-sich-nach-einer-ausgerenkten-schulter-auf-den-weg-zur-operation-gemacht-und-hofft-immer-noch-bei-ufc-286-zu-kaempfen\/","title":{"rendered":"Muhammad Mokaev hat sich nach einer ausgerenkten Schulter auf den Weg zur Operation gemacht und hofft immer noch, bei UFC 286 zu k\u00e4mpfen"},"content":{"rendered":"<p>Muhammad Mokaev erwartete ein arbeitsreiches Jahr 2023, aber sein neues Jahr beginnt eher mit einer Operation als mit einem Kampf. <\/p>\n<p>Der 22-j\u00e4hrige Fliegengewichtler gab in den sozialen Medien bekannt, dass er sich im Training eine ausgerenkte Schulter zugezogen hat, die ihn dazu zwingt, sich unters Messer zu legen, bevor er wieder antreten kann. Mokaev wurde nicht f\u00fcr einen Kampf gebucht, obwohl er hofft, rechtzeitig genesen zu sein, um bei der bevorstehenden UFC 286-Karte zu k\u00e4mpfen, die am 18. M\u00e4rz in London geplant ist. <\/p>\n<p>&#8222;Leider habe ich mir die Schulter ausgekugelt, jetzt warte ich auf die OP!&#8220; Mokaev schrieb auf Twitter. Danke an meine Fans, ich werde so schnell und so schnell wie m\u00f6glich zur\u00fcck sein. Ich schw\u00f6re! Liebe euch alle! <\/p>\n<p>&#8222;Genau am selben Tag im letzten Jahr habe ich [broke] meine Hand vor meinem UFC-Deb\u00fct in London, ich werde alles tun, um weiterzuk\u00e4mpfen [the] UFC London-Karte! Obwohl ich versuchte, den Kampf bis zum Ende durchzuhalten, konnte ich meinen Arm nicht heben.<\/p>\n<div>\n<blockquote class=\"twitter-tweet\">\n<p lang=\"en\" dir=\"ltr\">Alhadmulillah in jeder Situation! Leider habe ich mir die Schulter ausgerenkt. Ich warte jetzt auf die OP! Danke an alle meine Unterst\u00fctzer, ich werde so schnell wie m\u00f6glich zur\u00fcck sein, das verspreche ich euch! Liebe euch alle! <a rel=\"nofollow noopener\" target=\"_blank\" href=\"https:\/\/twitter.com\/hashtag\/M57?src=hash&amp;ref_src=twsrc%5Etfw\">#M57<\/a> <a rel=\"nofollow noopener\" target=\"_blank\" href=\"https:\/\/t.co\/UtSmLJkbHR\">pic.twitter.com\/UtSmLJkbHR<\/a><\/p>\n<p>&#8212; Muhammad Mokaev (@muhammadmokaev) <a rel=\"nofollow noopener\" target=\"_blank\" href=\"https:\/\/twitter.com\/muhammadmokaev\/status\/1608775407683395586?ref_src=twsrc%5Etfw\">30. Dezember 2022<\/a>\n<\/p>\n<\/blockquote>\n<\/div>\n<div>\n<blockquote class=\"twitter-tweet\" data-conversation=\"none\">\n<p lang=\"en\" dir=\"ltr\">Genau am selben Tag im letzten Jahr habe ich mir vor meinem UFC-Deb\u00fct in London die Hand gebrochen, ich werde alles tun, um auf der UFC-London-Karte zu k\u00e4mpfen! <br \/>Ich habe versucht, die Operation bis nach dem Kampf aufrechtzuerhalten, aber ich kann nicht einmal meinen Arm heben<\/p>\n<p>&#8212; Muhammad Mokaev (@muhammadmokaev) <a rel=\"nofollow noopener\" target=\"_blank\" href=\"https:\/\/twitter.com\/muhammadmokaev\/status\/1608777050567106560?ref_src=twsrc%5Etfw\">30. Dezember 2022<\/a>\n<\/p>\n<\/blockquote>\n<\/div>\n<p>Dies sind ungl\u00fcckliche Neuigkeiten f\u00fcr Mokaev, der nach seinem UFC-Deb\u00fct mit einem fulminanten Start schnell als K\u00e4mpfer im Fliegengewicht aufstieg. <\/p>\n<p>Der geb\u00fcrtige Dagestaner, der seit mehreren Jahren in England zu Hause ist, gewann 2022 in der UFC mit 3: 0, einschlie\u00dflich Siegen gegen Cody Durden und Malcolm Gordon. Er tr\u00e4gt derzeit eine perfekte 9-0 Bilanz mit einem No Contest in den ersten 10 K\u00e4mpfen seiner Karriere. <\/p>\n<p>Es ist nicht klar, wie lange Mokaev pausieren wird, w\u00e4hrend er sich von einer Schulteroperation erholt, obwohl es ehrgeizig sein k\u00f6nnte, bereits im M\u00e4rz eine R\u00fcckkehr in Betracht zu ziehen. <\/p>\n<p>Mokaev bleibt optimistisch, dass er schnell wieder auf die Beine kommen wird und er will seinen Aufstieg im Fliegengewicht fortsetzen, sobald er gesund genug ist. <\/p>\n<p>Quelle: https:\/\/www.mmafighting.com\/2022\/12\/31\/23533320\/muhammad-mokaev-headed-for-surgery-after-suffering-dislocated-shoulder-still-hopes-fight-at-ufc-286? rand=96749<\/p>\n","protected":false},"excerpt":{"rendered":"<p>Muhammad Mokaev erwartete ein arbeitsreiches Jahr 2023, aber sein neues Jahr beginnt eher mit einer Operation als mit einem Kampf. Der 22-j\u00e4hrige Fliegengewichtler gab in den sozialen Medien bekannt, dass er sich im Training eine ausgerenkte Schulter zugezogen hat, die ihn dazu zwingt, sich unters Messer zu legen, bevor er wieder antreten kann. Mokaev wurde [&hellip;]<\/p>\n","protected":false},"author":1,"featured_media":328533,"comment_status":"","ping_status":"open","sticky":false,"template":"","format":"standard","meta":{"footnotes":""},"categories":[1213],"tags":[],"_links":{"self":[{"href":"https:\/\/wmmaa.org\/de\/wp-json\/wp\/v2\/posts\/328545"}],"collection":[{"href":"https:\/\/wmmaa.org\/de\/wp-json\/wp\/v2\/posts"}],"about":[{"href":"https:\/\/wmmaa.org\/de\/wp-json\/wp\/v2\/types\/post"}],"author":[{"embeddable":true,"href":"https:\/\/wmmaa.org\/de\/wp-json\/wp\/v2\/users\/1"}],"replies":[{"embeddable":true,"href":"https:\/\/wmmaa.org\/de\/wp-json\/wp\/v2\/comments?post=328545"}],"version-history":[{"count":0,"href":"https:\/\/wmmaa.org\/de\/wp-json\/wp\/v2\/posts\/328545\/revisions"}],"wp:featuredmedia":[{"embeddable":true,"href":"https:\/\/wmmaa.org\/de\/wp-json\/wp\/v2\/media\/328533"}],"wp:attachment":[{"href":"https:\/\/wmmaa.org\/de\/wp-json\/wp\/v2\/media?parent=328545"}],"wp:term":[{"taxonomy":"category","embeddable":true,"href":"https:\/\/wmmaa.org\/de\/wp-json\/wp\/v2\/categories?post=328545"},{"taxonomy":"post_tag","embeddable":true,"href":"https:\/\/wmmaa.org\/de\/wp-json\/wp\/v2\/tags?post=328545"}],"curies":[{"name":"wp","href":"https:\/\/api.w.org\/{rel}","templated":true}]}}