{"id":326804,"date":"2022-12-29T01:51:01","date_gmt":"2022-12-28T23:51:01","guid":{"rendered":"https:\/\/wmmaa.org\/derek-brunson-und-dricus-du-plessis-sind-bei-ufc-285-march-im-einsatz\/"},"modified":"2022-12-29T01:51:01","modified_gmt":"2022-12-28T23:51:01","slug":"derek-brunson-und-dricus-du-plessis-sind-bei-ufc-285-march-im-einsatz","status":"publish","type":"post","link":"https:\/\/wmmaa.org\/de\/derek-brunson-und-dricus-du-plessis-sind-bei-ufc-285-march-im-einsatz\/","title":{"rendered":"Derek Brunson und Dricus Du Plessis sind bei UFC 285 March im Einsatz"},"content":{"rendered":"<p>Die Mittelgewichtler Derek Brunson und Dricus du Plessis haben vereinbart, sich bei der kommenden UFC 285-Karte am 4. M\u00e4rz zu treffen. <\/p>\n<p>Mehrere Personen mit Kenntnis der Pl\u00e4ne der Promotion best\u00e4tigten am Mittwoch das Matchup zu MMA Fighting. <a rel=\"nofollow noopener\" target=\"_blank\" href=\"https:\/\/twitter.com\/bokamotoESPN\/status\/1608222226293338112\">ESPN<\/a> zun\u00e4chst den Kampf gemeldet. <\/p>\n<p>Nachdem Brunson nach einer Niederlage gegen Jared Cannonier kurz \u00fcber einen R\u00fccktritt nachgedacht hatte, erkl\u00e4rte er k\u00fcrzlich, dass er in der Hoffnung auf eine Buchung 2023 aktiver sein wolle <a rel=\"nofollow noopener\" target=\"_blank\" href=\"https:\/\/twitter.com\/DerekBrunson\/status\/1607568603359870977\">bei mindestens vier K\u00e4mpfen in <\/a>. n\u00e4chstes Jahr. Brunson wird im M\u00e4rz seine Fitness testen, da er versucht, nach einer Siegesserie von f\u00fcnf K\u00e4mpfen gegen Jared Cannonier auf den richtigen Weg zu kommen. <\/p>\n<p>Was du Plessis betrifft, so bleibt der s\u00fcdafrikanische K\u00e4mpfer in der UFC mit einer perfekten 4: 0-Bilanz ungeschlagen, einschlie\u00dflich einer Leistung im Kampf der Nacht gegen Darren Till in seinem letzten Spiel. Der Hin- und Her-Kampf endete damit, dass du Plessis einen b\u00f6sen Neck Crank einwickelte, um Till in der dritten Runde bei UFC 282 zu beenden. <\/p>\n<p>Jetzt wird du Plessis versuchen, seinem Lebenslauf einen weiteren Veteranen hinzuzuf\u00fcgen, wenn er im M\u00e4rz in einem vorgestellten Matchup bei UFC 285 gegen Brunson antritt, wobei die Karte in der T-Mobile Arena in Las Vegas stattfinden wird. <\/p>\n<\/p>\n<p>Quelle: https:\/\/www.mmafighting.com\/2022\/12\/28\/23530030\/derek-brunson-vs-dricus-du-plessis-on-tap-for-ufc-285-in-march?rand=96749<\/p>\n","protected":false},"excerpt":{"rendered":"<p>Die Mittelgewichtler Derek Brunson und Dricus du Plessis haben vereinbart, sich bei der kommenden UFC 285-Karte am 4. M\u00e4rz zu treffen. Mehrere Personen mit Kenntnis der Pl\u00e4ne der Promotion best\u00e4tigten am Mittwoch das Matchup zu MMA Fighting. ESPN zun\u00e4chst den Kampf gemeldet. Nachdem Brunson nach einer Niederlage gegen Jared Cannonier kurz \u00fcber einen R\u00fccktritt nachgedacht [&hellip;]<\/p>\n","protected":false},"author":1,"featured_media":326778,"comment_status":"","ping_status":"open","sticky":false,"template":"","format":"standard","meta":{"footnotes":""},"categories":[1213],"tags":[],"_links":{"self":[{"href":"https:\/\/wmmaa.org\/de\/wp-json\/wp\/v2\/posts\/326804"}],"collection":[{"href":"https:\/\/wmmaa.org\/de\/wp-json\/wp\/v2\/posts"}],"about":[{"href":"https:\/\/wmmaa.org\/de\/wp-json\/wp\/v2\/types\/post"}],"author":[{"embeddable":true,"href":"https:\/\/wmmaa.org\/de\/wp-json\/wp\/v2\/users\/1"}],"replies":[{"embeddable":true,"href":"https:\/\/wmmaa.org\/de\/wp-json\/wp\/v2\/comments?post=326804"}],"version-history":[{"count":0,"href":"https:\/\/wmmaa.org\/de\/wp-json\/wp\/v2\/posts\/326804\/revisions"}],"wp:featuredmedia":[{"embeddable":true,"href":"https:\/\/wmmaa.org\/de\/wp-json\/wp\/v2\/media\/326778"}],"wp:attachment":[{"href":"https:\/\/wmmaa.org\/de\/wp-json\/wp\/v2\/media?parent=326804"}],"wp:term":[{"taxonomy":"category","embeddable":true,"href":"https:\/\/wmmaa.org\/de\/wp-json\/wp\/v2\/categories?post=326804"},{"taxonomy":"post_tag","embeddable":true,"href":"https:\/\/wmmaa.org\/de\/wp-json\/wp\/v2\/tags?post=326804"}],"curies":[{"name":"wp","href":"https:\/\/api.w.org\/{rel}","templated":true}]}}