{"id":323418,"date":"2022-12-23T01:53:57","date_gmt":"2022-12-22T23:53:57","guid":{"rendered":"https:\/\/wmmaa.org\/kai-kara-france-sagt-dass-er-wegen-einer-verletzung-bei-ufc-284-in-australien-ausfallt\/"},"modified":"2022-12-23T01:53:57","modified_gmt":"2022-12-22T23:53:57","slug":"kai-kara-france-sagt-dass-er-wegen-einer-verletzung-bei-ufc-284-in-australien-ausfallt","status":"publish","type":"post","link":"https:\/\/wmmaa.org\/de\/kai-kara-france-sagt-dass-er-wegen-einer-verletzung-bei-ufc-284-in-australien-ausfallt\/","title":{"rendered":"Kai Kara-France sagt, dass er wegen einer Verletzung bei UFC 284 in Australien ausf\u00e4llt"},"content":{"rendered":"<p>Kai Kara-France wird schlie\u00dflich nicht die Chance bekommen, zu Hause zu k\u00e4mpfen. <\/p>\n<p>Der ehemalige Titel-Herausforderer im Fliegengewicht gab am Donnerstag bekannt, dass er aufgrund einer Verletzung, die ihn aus seinem geplanten Matchup gegen Alex Perez am 11. Februar gezwungen hat, nicht bei UFC 284 in Perth, Australien, antreten kann. <\/p>\n<p>\u201eLeider musste ich mich verletzungsbedingt aus meinem bevorstehenden Kampf in Perth zur\u00fcckziehen\u201c, schrieb Kara-France weiter <a rel=\"nofollow noopener\" target=\"_blank\" href=\"https:\/\/www.instagram.com\/p\/CmfH60ShaHt\/\">Instagram<\/a>. \u201eIch bin am Boden zerst\u00f6rt, dass ich nicht in der Lage sein werde, vor allen in Australien zu k\u00e4mpfen. <\/p>\n<p>\u201eAn alle, die mich unterst\u00fctzen, es tut mir leid. Das war frustrierend, aber ich wei\u00df, dass ich die richtige Entscheidung treffe. Hoffentlich k\u00f6nnen ich und Alex Perez es n\u00e4chstes Jahr wieder aufnehmen. Ich w\u00fcnsche Ihnen einen sicheren Urlaub. Wir sehen uns wieder im Octagon 2023. Alles Liebe!&#8220;<\/p>\n<div>\n<blockquote class=\"instagram-media\" data-instgrm-captioned=\"\" data-instgrm-permalink=\"https:\/\/www.instagram.com\/p\/CmfH60ShaHt\/?utm_source=ig_embed&amp;utm_campaign=loading\" data-instgrm-version=\"14\" style=\"background:#FFF;border:0;border-radius:3px;margin: 1px;max-width:658px;min-width:326px;padding:0;width:99.375%;width:-webkit-calc(100% - 2px);width:calc(100% - 2px)\">\n<div style=\"padding:16px\"> <a rel=\"nofollow noopener\" target=\"_blank\" href=\"https:\/\/www.instagram.com\/p\/CmfH60ShaHt\/?utm_source=ig_embed&amp;utm_campaign=loading\" style=\"background:#FFFFFF;line-height:0;padding:0 0;text-align:center;text-decoration:none;width:100%\"> <\/p>\n<div style=\"flex-direction: row;align-items: center\">\n<div style=\"background-color: #F4F4F4;border-radius: 50%;flex-grow: 0;height: 40px;margin-right: 14px;width: 40px\"><\/div>\n<div style=\"flex-direction: column;flex-grow: 1;justify-content: center\">\n<div style=\"background-color: #F4F4F4;border-radius: 4px;flex-grow: 0;height: 14px;margin-bottom: 6px;width: 100px\"><\/div>\n<div style=\"background-color: #F4F4F4;border-radius: 4px;flex-grow: 0;height: 14px;width: 60px\"><\/div>\n<\/div>\n<\/div>\n<div style=\"padding: 19% 0\"><\/div>\n<div style=\"height:50px;margin:0 auto 12px;width:50px\"><\/div>\n<div style=\"padding-top: 8px\">\n<div style=\"color:#3897f0;font-family:Arial,sans-serif;font-size:14px;font-style:normal;font-weight:550;line-height:18px\">Sehen Sie sich diesen Beitrag auf Instagram an<\/div>\n<\/div>\n<div style=\"padding: 12.5% 0\"><\/div>\n<div style=\"flex-direction: row;margin-bottom: 14px;align-items: center\">\n<div>\n<div style=\"background-color: #F4F4F4;border-radius: 50%;height: 12.5px;width: 12.5px\"><\/div>\n<div style=\"background-color: #F4F4F4;height: 12.5px;width: 12.5px;flex-grow: 0;margin-right: 14px;margin-left: 2px\"><\/div>\n<div style=\"background-color: #F4F4F4;border-radius: 50%;height: 12.5px;width: 12.5px\"><\/div>\n<\/div>\n<div style=\"margin-left: 8px\">\n<div style=\"background-color: #F4F4F4;border-radius: 50%;flex-grow: 0;height: 20px;width: 20px\"><\/div>\n<div style=\"width: 0;height: 0;border-top: 2px solid transparent;border-left: 6px solid #f4f4f4;border-bottom: 2px solid transparent\"><\/div>\n<\/div>\n<div style=\"margin-left: auto\">\n<div style=\"width: 0px;border-top: 8px solid #F4F4F4;border-right: 8px solid transparent\"><\/div>\n<div style=\"background-color: #F4F4F4;flex-grow: 0;height: 12px;width: 16px\"><\/div>\n<div style=\"width: 0;height: 0;border-top: 8px solid #F4F4F4;border-left: 8px solid transparent\"><\/div>\n<\/div>\n<\/div>\n<div style=\"flex-direction: column;flex-grow: 1;justify-content: center;margin-bottom: 24px\">\n<div style=\"background-color: #F4F4F4;border-radius: 4px;flex-grow: 0;height: 14px;margin-bottom: 6px;width: 224px\"><\/div>\n<div style=\"background-color: #F4F4F4;border-radius: 4px;flex-grow: 0;height: 14px;width: 144px\"><\/div>\n<\/div>\n<p><\/a><\/p>\n<p style=\"color:#c9c8cd;font-family:Arial,sans-serif;font-size:14px;line-height:17px;margin-bottom:0;margin-top:8px;overflow:hidden;padding:8px 0 7px;text-align:center\"><a rel=\"nofollow noopener\" target=\"_blank\" href=\"https:\/\/www.instagram.com\/p\/CmfH60ShaHt\/?utm_source=ig_embed&amp;utm_campaign=loading\" style=\"color:#c9c8cd;font-family:Arial,sans-serif;font-size:14px;font-style:normal;font-weight:normal;line-height:17px;text-decoration:none\">Ein Beitrag von Kai &#8222;Dontblink&#8220; Kara France (@kaikarafrance)<\/a><\/p>\n<\/div>\n<\/blockquote>\n<\/div>\n<p> Das Schicksal von Perez ist unbekannt. Er k\u00f6nnte gebumpt werden oder bei einem neuen Gegner auf der Karte bleiben. <\/p>\n<p>Das Ablegen der Karte durch Kara-France ist der zweite gro\u00dfe Erfolg, den UFC 284 in dieser Woche erlitten hat, als ein weiterer lokaler K\u00e4mpfer aus dem Event gedr\u00e4ngt wurde. <\/p>\n<p>Am Montag wurde Robert Whittaker, ein Ex-UFC-Champion im Mittelgewicht, aus UFC 232 gezogen, nachdem sein Kampf gegen Paulo Costa abgesagt worden war. Costa hat dem Kampf im Rahmen seines aktuellen Vertrags nie wirklich zugestimmt und er konnte sich mit der UFC nicht auf einen neuen Deal einigen. <\/p>\n<p> Der Kampf wurde abgebrochen. Whittaker erkl\u00e4rte, dass UFC Whittaker f\u00fcr ein weiteres Matchup im M\u00e4rz oder April buchen wollte. <\/p>\n<p> Im Februar wird es noch viel mehr lokale Talente geben, wenn UFC-Champion Alexander Volkanovski gegen Islam Makhachev, den Leichtgewichtsk\u00f6nig, antritt. <\/p>\n<p>Quelle: https:\/\/www.mmafighting.com\/2022\/12\/22\/23523353\/kai-kara-france-says-hes-out-of-ufc-284-in-australia-due-to-injury?rand= 96749<\/p>\n","protected":false},"excerpt":{"rendered":"<p>Kai Kara-France wird schlie\u00dflich nicht die Chance bekommen, zu Hause zu k\u00e4mpfen. Der ehemalige Titel-Herausforderer im Fliegengewicht gab am Donnerstag bekannt, dass er aufgrund einer Verletzung, die ihn aus seinem geplanten Matchup gegen Alex Perez am 11. Februar gezwungen hat, nicht bei UFC 284 in Perth, Australien, antreten kann. \u201eLeider musste ich mich verletzungsbedingt aus [&hellip;]<\/p>\n","protected":false},"author":1,"featured_media":323393,"comment_status":"","ping_status":"open","sticky":false,"template":"","format":"standard","meta":{"footnotes":""},"categories":[1213],"tags":[],"_links":{"self":[{"href":"https:\/\/wmmaa.org\/de\/wp-json\/wp\/v2\/posts\/323418"}],"collection":[{"href":"https:\/\/wmmaa.org\/de\/wp-json\/wp\/v2\/posts"}],"about":[{"href":"https:\/\/wmmaa.org\/de\/wp-json\/wp\/v2\/types\/post"}],"author":[{"embeddable":true,"href":"https:\/\/wmmaa.org\/de\/wp-json\/wp\/v2\/users\/1"}],"replies":[{"embeddable":true,"href":"https:\/\/wmmaa.org\/de\/wp-json\/wp\/v2\/comments?post=323418"}],"version-history":[{"count":0,"href":"https:\/\/wmmaa.org\/de\/wp-json\/wp\/v2\/posts\/323418\/revisions"}],"wp:featuredmedia":[{"embeddable":true,"href":"https:\/\/wmmaa.org\/de\/wp-json\/wp\/v2\/media\/323393"}],"wp:attachment":[{"href":"https:\/\/wmmaa.org\/de\/wp-json\/wp\/v2\/media?parent=323418"}],"wp:term":[{"taxonomy":"category","embeddable":true,"href":"https:\/\/wmmaa.org\/de\/wp-json\/wp\/v2\/categories?post=323418"},{"taxonomy":"post_tag","embeddable":true,"href":"https:\/\/wmmaa.org\/de\/wp-json\/wp\/v2\/tags?post=323418"}],"curies":[{"name":"wp","href":"https:\/\/api.w.org\/{rel}","templated":true}]}}