{"id":302930,"date":"2022-11-23T23:43:08","date_gmt":"2022-11-23T21:43:08","guid":{"rendered":"https:\/\/wmmaa.org\/bericht-jiri-prochazka-aus-ufc-282-raumt-titel-magomed-ankalaev-vs-jan-blachowicz-neues-main-event\/"},"modified":"2022-11-23T23:43:08","modified_gmt":"2022-11-23T21:43:08","slug":"bericht-jiri-prochazka-aus-ufc-282-raumt-titel-magomed-ankalaev-vs-jan-blachowicz-neues-main-event","status":"publish","type":"post","link":"https:\/\/wmmaa.org\/de\/bericht-jiri-prochazka-aus-ufc-282-raumt-titel-magomed-ankalaev-vs-jan-blachowicz-neues-main-event\/","title":{"rendered":"Bericht: Jiri Prochazka aus UFC 282, r\u00e4umt Titel; Magomed Ankalaev vs. Jan Blachowicz neues Main Event"},"content":{"rendered":"<p>Jiri Prochazka wird bei UFC 282 nicht gegen Glover Teixeira antreten k\u00f6nnen, da Prochazka sich eine schwere Verletzung zugezogen hat. Laut dem Mittwochsbericht von Yahoo!! wurde Prochazka aus dem R\u00fcckkampf gedr\u00e4ngt. Sport. <\/p>\n<p>Infolge des Kratzers hat Prochazka dem Bericht zufolge den UFC-Titel im Halbschwergewicht ger\u00e4umt, und die UFC hat einen Kampf im Halbschwergewicht zwischen Ex-Champion Jan Blachowicz und Magomed Ankaleav zum Main Event der Auszahlung am 10. Dezember bef\u00f6rdert. pro View, die in der T-Mobile Arena in Las Vegas stattfindet. <\/p>\n<p>MMA Fighting konnte Prochazka, Teixeira oder die UFC nicht sofort erreichen, um sich zu der Umstrukturierung zu \u00e4u\u00dfern. Prochazka wurde verletzt, aber Details waren nicht sofort verf\u00fcgbar. <\/p>\n<p>Der angeblich ehemalige Champion im Halbschwergewicht sollte seine erste Titelverteidigung in einem R\u00fcckkampf eines \u201eKampf des Jahres\u201c-Kandidaten gegen Ex-Champion Teixeira machen, der in seinem ersten Aufeinandertreffen in der f\u00fcnften Runde verlor, ein Hin und Her Schlagabtausch im Juni bei UFC 275. <\/p>\n<p>Das Duell zwischen Blachowicz und Ankalaev brachte den Sieger in die beste Position, um um den Titel zu k\u00e4mpfen. Blachowicz, der den G\u00fcrtel 2021 an Teixeira abgab, forderte Prochazka unmittelbar nach dem Titelgewinn des tschechischen K\u00e4mpfers heraus. Aber der neue Champion beschloss stattdessen, seinen Kampf mit Teixeira zur\u00fcckzunehmen, um seine schlechteste Karriereleistung zu korrigieren. <\/p>\n<p>\n<p>Quelle: https:\/\/www.mmafighting.com\/2022\/11\/23\/23475843\/report-jiri-prochazka-out-of-ufc-282-vacates-title-magomed-ankalaev-vs-jan-blachowicz-new- Hauptereignis?rand=96749<\/p>\n","protected":false},"excerpt":{"rendered":"<p>Jiri Prochazka wird bei UFC 282 nicht gegen Glover Teixeira antreten k\u00f6nnen, da Prochazka sich eine schwere Verletzung zugezogen hat. Laut dem Mittwochsbericht von Yahoo!! wurde Prochazka aus dem R\u00fcckkampf gedr\u00e4ngt. Sport. Infolge des Kratzers hat Prochazka dem Bericht zufolge den UFC-Titel im Halbschwergewicht ger\u00e4umt, und die UFC hat einen Kampf im Halbschwergewicht zwischen Ex-Champion [&hellip;]<\/p>\n","protected":false},"author":1,"featured_media":302892,"comment_status":"","ping_status":"open","sticky":false,"template":"","format":"standard","meta":{"footnotes":""},"categories":[1213],"tags":[],"_links":{"self":[{"href":"https:\/\/wmmaa.org\/de\/wp-json\/wp\/v2\/posts\/302930"}],"collection":[{"href":"https:\/\/wmmaa.org\/de\/wp-json\/wp\/v2\/posts"}],"about":[{"href":"https:\/\/wmmaa.org\/de\/wp-json\/wp\/v2\/types\/post"}],"author":[{"embeddable":true,"href":"https:\/\/wmmaa.org\/de\/wp-json\/wp\/v2\/users\/1"}],"replies":[{"embeddable":true,"href":"https:\/\/wmmaa.org\/de\/wp-json\/wp\/v2\/comments?post=302930"}],"version-history":[{"count":0,"href":"https:\/\/wmmaa.org\/de\/wp-json\/wp\/v2\/posts\/302930\/revisions"}],"wp:featuredmedia":[{"embeddable":true,"href":"https:\/\/wmmaa.org\/de\/wp-json\/wp\/v2\/media\/302892"}],"wp:attachment":[{"href":"https:\/\/wmmaa.org\/de\/wp-json\/wp\/v2\/media?parent=302930"}],"wp:term":[{"taxonomy":"category","embeddable":true,"href":"https:\/\/wmmaa.org\/de\/wp-json\/wp\/v2\/categories?post=302930"},{"taxonomy":"post_tag","embeddable":true,"href":"https:\/\/wmmaa.org\/de\/wp-json\/wp\/v2\/tags?post=302930"}],"curies":[{"name":"wp","href":"https:\/\/api.w.org\/{rel}","templated":true}]}}