{"id":296777,"date":"2022-11-15T17:10:08","date_gmt":"2022-11-15T15:10:08","guid":{"rendered":"https:\/\/wmmaa.org\/jake-paul-stellt-anfang-nachsten-jahres-ein-ultimatum-fur-den-kampf-gegen-tommy-fury\/"},"modified":"2022-11-15T17:10:08","modified_gmt":"2022-11-15T15:10:08","slug":"jake-paul-stellt-anfang-nachsten-jahres-ein-ultimatum-fur-den-kampf-gegen-tommy-fury","status":"publish","type":"post","link":"https:\/\/wmmaa.org\/de\/jake-paul-stellt-anfang-nachsten-jahres-ein-ultimatum-fur-den-kampf-gegen-tommy-fury\/","title":{"rendered":"Jake Paul stellt Anfang n\u00e4chsten Jahres ein Ultimatum f\u00fcr den Kampf gegen Tommy Fury"},"content":{"rendered":"<p>Jake Paul erf\u00fcllt Tommy Fury seinen Wunsch, aber Fury muss in K\u00fcrze durchkommen, damit es passieren kann. <\/p>\n<p>Laut John Fury \u2013 dem Vater von Tommy und Tyson Fury \u2013 stimmte Pauls Manager einem Kampf zwischen den beiden im Februar nach dem Boxevent Floyd Mayweather vs. Deji in Dubai zu, bei dem Fury in einem Ausstellungskampf gegen Rolly Lambert antrat. <\/p>\n<p>Am Dienstag reagierte Paul auf das Fury-Lager und stimmte \u00f6ffentlich einem Kampf in Gro\u00dfbritannien im Februar zu, aber sein potenzieller Gegner hat eine Woche Zeit, um dies auf seiner Seite zu verwirklichen. <\/p>\n<div>\n<blockquote class=\"twitter-tweet\">\n<p lang=\"en\" dir=\"ltr\">Liebling <a rel=\"nofollow noopener\" target=\"_blank\" href=\"https:\/\/twitter.com\/FrankWarren?ref_src=twsrc%5Etfw\">@FrankWarren<\/a> Ich stimme zu, im Februar in Manchester oder London gegen Tommy zu k\u00e4mpfen. Ich werde in sein Land kommen und nicht mehr rennen. Sein Baby ist dann f\u00e4llig und Sie haben gesagt, dass es kein Problem ist. Da John fest davon \u00fcberzeugt ist, dass wir uns geeinigt haben, gebe ich Ihnen 7 Tage Zeit, um einen von Tommy unterschriebenen Vertrag vorzulegen, oder ich ziehe weiter. <a rel=\"nofollow noopener\" target=\"_blank\" href=\"https:\/\/t.co\/QMDuEsWipw\">https:\/\/t.co\/QMDuEsWipw<\/a><\/p>\n<p>\u2013 Jake Paul (@jakepaul) <a rel=\"nofollow noopener\" target=\"_blank\" href=\"https:\/\/twitter.com\/jakepaul\/status\/1592502762431881217?ref_src=twsrc%5Etfw\">15. November 2022<\/a>\n<\/p>\n<\/blockquote>\n<\/div>\n<p>&#8222;Liebling <a rel=\"nofollow noopener\" target=\"_blank\" href=\"https:\/\/twitter.com\/FrankWarren\">[<\/a>Frank Warren]Ich stimme zu, gegen Tommy in Manchester oder London zu k\u00e4mpfen [February]. Ich werde in sein Land kommen, nicht mehr rennen. Sein Baby ist dann f\u00e4llig und Sie haben gesagt, dass es kein Problem ist. Da John darauf besteht, dass wir uns geeinigt haben, gebe ich [you] Sieben Tage, um einen von Tommy unterschriebenen Vertrag vorzulegen, oder ich ziehe weiter\u201c, erkl\u00e4rte Paul. <\/p>\n<p>Paul war Kommentator f\u00fcr Furys Ausstellungskampf mit Lambert und als der Kampf endete, zog John sein Hemd aus und fing an, den YouTube-Star anzuschreien, der zum ungeschlagenen Boxer wurde, um in den Ring zu steigen. Paul antwortete, indem er Fury aufforderte, sich ihm au\u00dferhalb des quadratischen Kreises anzuschlie\u00dfen, und das verbale Hin und Her endete schlie\u00dflich. <\/p>\n<p>Fury und Paul wurden bei zwei verschiedenen Gelegenheiten zusammengebracht, aber aufgrund von Reiseproblemen konnte Fury nicht mithalten. Im Dezember traf Paul ein zweites Mal auf den ehemaligen UFC-Champion Tyron Woodley und erzielte einen KO-Sieg. Sie wurden dann umgebucht, um im August im Madison Square Garden anzutreten, aber Paul w\u00fcrde schlie\u00dflich mit Hasim Rahman Jr. f\u00fcr einen Kampf gepaart, der aufgrund von Gewichtsproblemen f\u00fcr Rahman nie stattfand, was dazu f\u00fchrte, dass die gesamte Karte storniert wurde. <\/p>\n<p>Quelle: https:\/\/www.mmafighting.com\/2022\/11\/15\/23460007\/jake-paul-presents-ultimatum-for-tommy-fury-fight-early-next-year?rand=96749<\/p>\n","protected":false},"excerpt":{"rendered":"<p>Jake Paul erf\u00fcllt Tommy Fury seinen Wunsch, aber Fury muss in K\u00fcrze durchkommen, damit es passieren kann. Laut John Fury \u2013 dem Vater von Tommy und Tyson Fury \u2013 stimmte Pauls Manager einem Kampf zwischen den beiden im Februar nach dem Boxevent Floyd Mayweather vs. Deji in Dubai zu, bei dem Fury in einem Ausstellungskampf [&hellip;]<\/p>\n","protected":false},"author":1,"featured_media":296764,"comment_status":"","ping_status":"open","sticky":false,"template":"","format":"standard","meta":{"footnotes":""},"categories":[1213],"tags":[],"_links":{"self":[{"href":"https:\/\/wmmaa.org\/de\/wp-json\/wp\/v2\/posts\/296777"}],"collection":[{"href":"https:\/\/wmmaa.org\/de\/wp-json\/wp\/v2\/posts"}],"about":[{"href":"https:\/\/wmmaa.org\/de\/wp-json\/wp\/v2\/types\/post"}],"author":[{"embeddable":true,"href":"https:\/\/wmmaa.org\/de\/wp-json\/wp\/v2\/users\/1"}],"replies":[{"embeddable":true,"href":"https:\/\/wmmaa.org\/de\/wp-json\/wp\/v2\/comments?post=296777"}],"version-history":[{"count":0,"href":"https:\/\/wmmaa.org\/de\/wp-json\/wp\/v2\/posts\/296777\/revisions"}],"wp:featuredmedia":[{"embeddable":true,"href":"https:\/\/wmmaa.org\/de\/wp-json\/wp\/v2\/media\/296764"}],"wp:attachment":[{"href":"https:\/\/wmmaa.org\/de\/wp-json\/wp\/v2\/media?parent=296777"}],"wp:term":[{"taxonomy":"category","embeddable":true,"href":"https:\/\/wmmaa.org\/de\/wp-json\/wp\/v2\/categories?post=296777"},{"taxonomy":"post_tag","embeddable":true,"href":"https:\/\/wmmaa.org\/de\/wp-json\/wp\/v2\/tags?post=296777"}],"curies":[{"name":"wp","href":"https:\/\/api.w.org\/{rel}","templated":true}]}}