{"id":295810,"date":"2022-11-13T22:51:51","date_gmt":"2022-11-13T20:51:51","guid":{"rendered":"https:\/\/wmmaa.org\/dominick-reyes-veroffentlicht-erklarung-nach-brutaler-ko-niederlage-bei-ufc-281-eine-weitere-lektion-gelernt\/"},"modified":"2022-11-13T22:51:51","modified_gmt":"2022-11-13T20:51:51","slug":"dominick-reyes-veroffentlicht-erklarung-nach-brutaler-ko-niederlage-bei-ufc-281-eine-weitere-lektion-gelernt","status":"publish","type":"post","link":"https:\/\/wmmaa.org\/de\/dominick-reyes-veroffentlicht-erklarung-nach-brutaler-ko-niederlage-bei-ufc-281-eine-weitere-lektion-gelernt\/","title":{"rendered":"Dominick Reyes ver\u00f6ffentlicht Erkl\u00e4rung nach brutaler KO-Niederlage bei UFC 281: \u201eEine weitere Lektion gelernt\u201c"},"content":{"rendered":"<p>Dominick Reyes ist nach einer weiteren brutalen KO-Niederlage in guter Stimmung. <\/p>\n<p>Bei UFC 281 kehrte Reyes nach einer 18-monatigen Pause in den K\u00e4fig zur\u00fcck, um sich Ryan Spann in einem Undercard-Kampf im Halbschwergewicht zu stellen. Ungl\u00fccklicherweise f\u00fcr Reyes liefen die Dinge nicht nach seinem Willen, als Spann \u201eThe Devastator\u201c in nur 80 Sekunden b\u00f6sartig ausschaltete, die dritte Niederlage dieser Art f\u00fcr \u201eThe Devastator\u201c in ebenso vielen K\u00e4mpfen. Die Art des Verlustes und Reyes\u2018 k\u00fcrzliches schweres Ausrutschen warf Fragen \u00fcber seine Zukunft im Sport auf, aber anscheinend l\u00e4sst sich Reyes nicht beirren und teilt seine Gef\u00fchle nach dem Kampf mit seinen <a rel=\"nofollow noopener\" target=\"_blank\" href=\"https:\/\/www.instagram.com\/p\/Ck57_tVvlXz\/?hl=en\">Instagram<\/a> am Sonntag. <\/p>\n<div>\n<blockquote class=\"instagram-media\" data-instgrm-captioned=\"\" data-instgrm-permalink=\"https:\/\/www.instagram.com\/reel\/Ck57_tVvlXz\/?utm_source=ig_embed&amp;utm_campaign=loading\" data-instgrm-version=\"14\" style=\"background:#FFF;border:0;border-radius:3px;margin: 1px;max-width:658px;min-width:326px;padding:0;width:99.375%;width:-webkit-calc(100% - 2px);width:calc(100% - 2px)\">\n<div style=\"padding:16px\"> <a rel=\"nofollow noopener\" target=\"_blank\" href=\"https:\/\/www.instagram.com\/reel\/Ck57_tVvlXz\/?utm_source=ig_embed&amp;utm_campaign=loading\" style=\"background:#FFFFFF;line-height:0;padding:0 0;text-align:center;text-decoration:none;width:100%\"> <\/p>\n<div style=\"flex-direction: row;align-items: center\">\n<div style=\"background-color: #F4F4F4;border-radius: 50%;flex-grow: 0;height: 40px;margin-right: 14px;width: 40px\"><\/div>\n<div style=\"flex-direction: column;flex-grow: 1;justify-content: center\">\n<div style=\"background-color: #F4F4F4;border-radius: 4px;flex-grow: 0;height: 14px;margin-bottom: 6px;width: 100px\"><\/div>\n<div style=\"background-color: #F4F4F4;border-radius: 4px;flex-grow: 0;height: 14px;width: 60px\"><\/div>\n<\/div>\n<\/div>\n<div style=\"padding: 19% 0\"><\/div>\n<div style=\"height:50px;margin:0 auto 12px;width:50px\"><\/div>\n<div style=\"padding-top: 8px\">\n<div style=\"color:#3897f0;font-family:Arial,sans-serif;font-size:14px;font-style:normal;font-weight:550;line-height:18px\">Sehen Sie sich diesen Beitrag auf Instagram an<\/div>\n<\/div>\n<div style=\"padding: 12.5% 0\"><\/div>\n<div style=\"flex-direction: row;margin-bottom: 14px;align-items: center\">\n<div>\n<div style=\"background-color: #F4F4F4;border-radius: 50%;height: 12.5px;width: 12.5px\"><\/div>\n<div style=\"background-color: #F4F4F4;height: 12.5px;width: 12.5px;flex-grow: 0;margin-right: 14px;margin-left: 2px\"><\/div>\n<div style=\"background-color: #F4F4F4;border-radius: 50%;height: 12.5px;width: 12.5px\"><\/div>\n<\/div>\n<div style=\"margin-left: 8px\">\n<div style=\"background-color: #F4F4F4;border-radius: 50%;flex-grow: 0;height: 20px;width: 20px\"><\/div>\n<div style=\"width: 0;height: 0;border-top: 2px solid transparent;border-left: 6px solid #f4f4f4;border-bottom: 2px solid transparent\"><\/div>\n<\/div>\n<div style=\"margin-left: auto\">\n<div style=\"width: 0px;border-top: 8px solid #F4F4F4;border-right: 8px solid transparent\"><\/div>\n<div style=\"background-color: #F4F4F4;flex-grow: 0;height: 12px;width: 16px\"><\/div>\n<div style=\"width: 0;height: 0;border-top: 8px solid #F4F4F4;border-left: 8px solid transparent\"><\/div>\n<\/div>\n<\/div>\n<div style=\"flex-direction: column;flex-grow: 1;justify-content: center;margin-bottom: 24px\">\n<div style=\"background-color: #F4F4F4;border-radius: 4px;flex-grow: 0;height: 14px;margin-bottom: 6px;width: 224px\"><\/div>\n<div style=\"background-color: #F4F4F4;border-radius: 4px;flex-grow: 0;height: 14px;width: 144px\"><\/div>\n<\/div>\n<p><\/a><\/p>\n<p style=\"color:#c9c8cd;font-family:Arial,sans-serif;font-size:14px;line-height:17px;margin-bottom:0;margin-top:8px;overflow:hidden;padding:8px 0 7px;text-align:center\"><a rel=\"nofollow noopener\" target=\"_blank\" href=\"https:\/\/www.instagram.com\/reel\/Ck57_tVvlXz\/?utm_source=ig_embed&amp;utm_campaign=loading\" style=\"color:#c9c8cd;font-family:Arial,sans-serif;font-size:14px;font-style:normal;font-weight:normal;line-height:17px;text-decoration:none\">Ein Beitrag von Dominick Reyes (@domreyes24)<\/a><\/p>\n<\/div>\n<\/blockquote>\n<\/div>\n<blockquote>\n<p>\u201eIch war hungrig darauf, meine Hand zu heben und den Kampf zu beschleunigen. Mir geht es gut, ich lebe um noch einen Tag zu k\u00e4mpfen. Eine weitere Lektion gelernt. Herzlichen Gl\u00fcckwunsch an [Alex Pereira]. Was f\u00fcr eine unglaubliche Leistung, Mittelgewichts-Champion zu werden. Gott ist immer gut. Danke an meine Freunde und Familie, die mich unterst\u00fctzen, an mein Management [Tiki Ghosn and Julian Gregorio]. Und gro\u00dfes Dankesch\u00f6n an [Glover Teixeira and Fernely Feliz Sr.] f\u00fcr das Lager und den Glauben an mich. Ich komme wieder, muss es nur absch\u00fctteln und wieder rein. Gro\u00dfes Dankesch\u00f6n an die [UFC, Dana White, and Madison Square Garden] f\u00fcr die Gelegenheit. Die Energie war gestern Abend unglaublich und es f\u00fchlte sich gro\u00dfartig an, wieder in der Arena zu sein!\u201c<\/p>\n<\/blockquote>\n<p>Der einstige Titelherausforderer im Halbschwergewicht hat harte Zeiten durchgemacht, seit er Jon Jones bei UFC 247 beinahe ver\u00e4rgert h\u00e4tte und viermal in Folge verloren h\u00e4tte, mit Niederlagen gegen Jones, Jan Blachowicz und Jiri Prochazka vor dieser Niederlage gegen Spann. Seine Gesamtkarrierebilanz steht bei 12-4. <\/p>\n<p>Quelle: https:\/\/www.mmafighting.com\/2022\/11\/13\/23456165\/dominick-reyes-releases-statement-following-brutal-knockout-loss-at-ufc-281-another-lesson-learned?rand= 96749<\/p>\n","protected":false},"excerpt":{"rendered":"<p>Dominick Reyes ist nach einer weiteren brutalen KO-Niederlage in guter Stimmung. Bei UFC 281 kehrte Reyes nach einer 18-monatigen Pause in den K\u00e4fig zur\u00fcck, um sich Ryan Spann in einem Undercard-Kampf im Halbschwergewicht zu stellen. Ungl\u00fccklicherweise f\u00fcr Reyes liefen die Dinge nicht nach seinem Willen, als Spann \u201eThe Devastator\u201c in nur 80 Sekunden b\u00f6sartig ausschaltete, [&hellip;]<\/p>\n","protected":false},"author":1,"featured_media":295783,"comment_status":"","ping_status":"open","sticky":false,"template":"","format":"standard","meta":{"footnotes":""},"categories":[1213],"tags":[],"_links":{"self":[{"href":"https:\/\/wmmaa.org\/de\/wp-json\/wp\/v2\/posts\/295810"}],"collection":[{"href":"https:\/\/wmmaa.org\/de\/wp-json\/wp\/v2\/posts"}],"about":[{"href":"https:\/\/wmmaa.org\/de\/wp-json\/wp\/v2\/types\/post"}],"author":[{"embeddable":true,"href":"https:\/\/wmmaa.org\/de\/wp-json\/wp\/v2\/users\/1"}],"replies":[{"embeddable":true,"href":"https:\/\/wmmaa.org\/de\/wp-json\/wp\/v2\/comments?post=295810"}],"version-history":[{"count":0,"href":"https:\/\/wmmaa.org\/de\/wp-json\/wp\/v2\/posts\/295810\/revisions"}],"wp:featuredmedia":[{"embeddable":true,"href":"https:\/\/wmmaa.org\/de\/wp-json\/wp\/v2\/media\/295783"}],"wp:attachment":[{"href":"https:\/\/wmmaa.org\/de\/wp-json\/wp\/v2\/media?parent=295810"}],"wp:term":[{"taxonomy":"category","embeddable":true,"href":"https:\/\/wmmaa.org\/de\/wp-json\/wp\/v2\/categories?post=295810"},{"taxonomy":"post_tag","embeddable":true,"href":"https:\/\/wmmaa.org\/de\/wp-json\/wp\/v2\/tags?post=295810"}],"curies":[{"name":"wp","href":"https:\/\/api.w.org\/{rel}","templated":true}]}}